{"id":11470,"date":"2021-02-24T16:29:21","date_gmt":"2021-02-24T22:29:21","guid":{"rendered":"https:\/\/encuentroinformativo.com.mx\/?p=11470"},"modified":"2021-02-24T16:29:28","modified_gmt":"2021-02-24T22:29:28","slug":"hay-avances-en-investigaciones-por-doble-homicidio-en-cosoleacaque-fge","status":"publish","type":"post","link":"https:\/\/encuentroinformativo.com.mx\/?p=11470","title":{"rendered":"Hay avances en investigaciones por doble homicidio en Cosoleacaque: FGE"},"content":{"rendered":"\n<p><strong>Dar\u00edo Pale <\/strong><\/p>\n\n\n\n<p>Xalapa, Ver.- Hay avances &#8220;significativos&#8221; respecto del doble feminicidio ocurrido en Cosoleacaque, pero\u00a0record\u00f3 que por la secrec\u00eda de la investigaci\u00f3n no pod\u00eda dar detalles, pero reiter\u00f3 que se est\u00e1n atendiendo con toda prontitud, as\u00ed lo inform\u00f3 la\u00a0fiscal general del estado Ver\u00f3nica Hern\u00e1ndez Giad\u00e1ns.<\/p>\n\n\n\n<p>Entrevistada posterior a la conmemoraci\u00f3n del 200 aniversario del d\u00eda de la Bandera celebrada en el parque Ju\u00e1rez se\u00f1al\u00f3 que, sobre el\u00a0caso del crimen de la rectora de la Universidad de Valladolid, reconoci\u00f3 que se est\u00e1n investigando a los elementos ministeriales que participaron en la aprehensi\u00f3n del presunto responsable, tras existir el se\u00f1alamiento de tortura.<\/p>\n\n\n\n<p>&#8220;Se est\u00e1 investigando a los que participaron en el cumplimiento de esa orden de aprehensi\u00f3n, al parecer creo que fueron cuatro, no recuerdo el dato exacto, pero no tengo la menor duda de que se actu\u00f3 respetando los derechos de esta persona&#8221;, se\u00f1al\u00f3.<\/p>\n\n\n\n<p>Admiti\u00f3 que dichos elementos siguen en funciones toda vez que no hay una sanci\u00f3n administrativa ni penal, de suerte que hasta que no las haya seguir\u00e1n en funciones.<br>En cuanto a los hechos de Cosoleacaque se\u00f1al\u00f3 que,\u00a0&#8220;testimoniales, evidencias, todo lo que conlleva para integrar la carpeta. Nosotros atendemos todas las l\u00edneas que por ley nos corresponde atender, todas se est\u00e1n atendiendo. No quisiera dar mayores detalles por secrec\u00eda y la relevancia del tema, pero saben que la Fiscal\u00eda tanto en ese, como en todos los casos, no va a quedar impune y pronto habr\u00e1 resultados&#8221;.<\/p>\n\n\n\n<p>En otro tema, neg\u00f3 que los fiscales desanimen a los familiares de v\u00edctimas de desaparici\u00f3n a que no presenten las denuncias correspondientes, al contrario, los colectivos y la sociedad tienen &#8220;mayor confianza&#8221; en la instituci\u00f3n, pero en\u00a0el caso de que haya alg\u00fan mal trato o que les pidan dinero por hacer su trabajo de parte de los servidores p\u00fablicos, record\u00f3 que existe la l\u00ednea \u00e9tica para interponer las denuncias correspondientes.<\/p>\n\n\n\n<p>Finalmente respecto a un incremento de la violencia en contra de las mujeres durante el proceso electoral dijo que no lo consideraba as\u00ed, por\u00a0ello, envi\u00f3 un mensaje a las mujeres para que no permitan que sean violentadas y se acerquen a presentar denuncias ante la Fiscal\u00eda y con ello evitar consecuencias fatales.<\/p>\n","protected":false},"excerpt":{"rendered":"<p>Dar\u00edo Pale Xalapa, Ver.- Hay avances &#8220;significativos&#8221; respecto del doble feminicidio ocurrido en Cosoleacaque, pero\u00a0record\u00f3 que por la secrec\u00eda de la investigaci\u00f3n no pod\u00eda dar detalles, pero reiter\u00f3 que se est\u00e1n atendiendo con toda prontitud, as\u00ed lo inform\u00f3 la\u00a0fiscal general del estado Ver\u00f3nica Hern\u00e1ndez Giad\u00e1ns. Entrevistada posterior a la conmemoraci\u00f3n del 200 aniversario del d\u00eda [&hellip;]<\/p>\n","protected":false},"author":1,"featured_media":11471,"comment_status":"open","ping_status":"open","sticky":false,"template":"","format":"standard","meta":{"_jetpack_memberships_contains_paid_content":false,"footnotes":""},"categories":[2],"tags":[],"class_list":["post-11470","post","type-post","status-publish","format-standard","has-post-thumbnail","hentry","category-estado"],"jetpack_featured_media_url":"https:\/\/encuentroinformativo.com.mx\/wp-content\/uploads\/2021\/02\/6E094578-4297-4F1D-B620-C20CB35705E8.jpeg","jetpack_sharing_enabled":true,"jetpack_likes_enabled":true,"amp_enabled":true,"_links":{"self":[{"href":"https:\/\/encuentroinformativo.com.mx\/index.php?rest_route=\/wp\/v2\/posts\/11470","targetHints":{"allow":["GET"]}}],"collection":[{"href":"https:\/\/encuentroinformativo.com.mx\/index.php?rest_route=\/wp\/v2\/posts"}],"about":[{"href":"https:\/\/encuentroinformativo.com.mx\/index.php?rest_route=\/wp\/v2\/types\/post"}],"author":[{"embeddable":true,"href":"https:\/\/encuentroinformativo.com.mx\/index.php?rest_route=\/wp\/v2\/users\/1"}],"replies":[{"embeddable":true,"href":"https:\/\/encuentroinformativo.com.mx\/index.php?rest_route=%2Fwp%2Fv2%2Fcomments&post=11470"}],"version-history":[{"count":1,"href":"https:\/\/encuentroinformativo.com.mx\/index.php?rest_route=\/wp\/v2\/posts\/11470\/revisions"}],"predecessor-version":[{"id":11472,"href":"https:\/\/encuentroinformativo.com.mx\/index.php?rest_route=\/wp\/v2\/posts\/11470\/revisions\/11472"}],"wp:featuredmedia":[{"embeddable":true,"href":"https:\/\/encuentroinformativo.com.mx\/index.php?rest_route=\/wp\/v2\/media\/11471"}],"wp:attachment":[{"href":"https:\/\/encuentroinformativo.com.mx\/index.php?rest_route=%2Fwp%2Fv2%2Fmedia&parent=11470"}],"wp:term":[{"taxonomy":"category","embeddable":true,"href":"https:\/\/encuentroinformativo.com.mx\/index.php?rest_route=%2Fwp%2Fv2%2Fcategories&post=11470"},{"taxonomy":"post_tag","embeddable":true,"href":"https:\/\/encuentroinformativo.com.mx\/index.php?rest_route=%2Fwp%2Fv2%2Ftags&post=11470"}],"curies":[{"name":"wp","href":"https:\/\/api.w.org\/{rel}","templated":true}]}}