{"id":11480,"date":"2021-02-25T09:23:45","date_gmt":"2021-02-25T15:23:45","guid":{"rendered":"https:\/\/encuentroinformativo.com.mx\/?p=11480"},"modified":"2021-02-25T09:24:11","modified_gmt":"2021-02-25T15:24:11","slug":"dirigentes-chavos","status":"publish","type":"post","link":"https:\/\/encuentroinformativo.com.mx\/?p=11480","title":{"rendered":"Dirigentes chavos"},"content":{"rendered":"\n<p><strong>Los Pol\u00edticos<\/strong><\/p>\n\n\n\n<p><strong>Salvador Mu\u00f1oz<\/strong><\/p>\n\n\n\n<p>Do\u00f1a Eusebia, con sus 102 a\u00f1os encima, fue nombrada hace unos d\u00edas Coordinadora de Vinculaci\u00f3n con Personas de la Tercera Edad por parte del PES, all\u00e1 en Tlacotalpan\u2026 para muchos, puede significar un \u201c\u00a1Ya si\u00e9ntese, se\u00f1ora!\u201d y motivo de chunga, pero para quienes disfrutamos del quehacer pol\u00edtico, do\u00f1a Eusebia Palacios Luna no deja de ser otra convidada a la fiesta democr\u00e1tica a celebrar a mediados de este a\u00f1o\u2026 si para Jairzinho y Simony el amor no ten\u00eda edad, para Gonzalo Gu\u00edzar y do\u00f1a Eusebia, la participaci\u00f3n electoral tampoco\u2026 \u00a1hasta cierto punto! Y no, no lo decimos por los 102 respetables a\u00f1os de do\u00f1a Eusebia, sino por la condicionante a participar en nuestros procesos electorales a partir de los 18 a\u00f1os.<\/p>\n\n\n\n<p>Hace unos d\u00edas cumpli\u00f3 a\u00f1os el dirigente estatal de Movimiento Ciudadano, Sergio Gil Rull\u00e1n\u2026 y aunque no lo crea, \u00a1cumpli\u00f3 32! S\u00ed, todo indica que ya lo han corrido por terracer\u00eda pero trae buena l\u00e1mina. Hablamos quiz\u00e1s de que tenemos a uno de los dirigentes de partido m\u00e1s joven que ha de enfrentar en este siglo un proceso electoral si acaso me corrige la plana un Adolfo Mota.<\/p>\n\n\n\n<p>Hay que destacar que Movimiento Ciudadano est\u00e1 apostando a una generaci\u00f3n muy joven en las riendas del partido. Sergio Gil tiene 32, los mismos que el delegado nacional en Veracruz, Luis Carbonell. Se insiste: Hay que reconocer en Dante Delgado la confianza previa a la oportunidad que le concede a este par de chavos\u2026 no\u2026 me equivoco. Tampoco podemos pasar por alto a la diputada local Ivonne Trujillo Ortiz, coordinadora en la entidad de Mujeres en Movimiento, organizaci\u00f3n de Movimiento Ciudadano que promueve e impulsa particularmente la participaci\u00f3n pol\u00edtica activa de las mujeres en el partido. S\u00ed, a lo mejor estoy mal en decirlo pero ac\u00e1 entre nos, espero que no salga de esta columna, la legisladora por el distrito de Perote tiene 34 a\u00f1os\u2026<\/p>\n\n\n\n<p>Por cierto, otro dirigente partidista en Veracruz que est\u00e1 entre los m\u00e1s j\u00f3venes que han de estar al frente de este proceso electoral es Tato Vega Yunes, que si bien tiene 37 a\u00f1os, en un descuido, le piden la cartilla\u2026 bueno, no tanto\u2026 pero s\u00ed se ve m\u00e1s chavo. Tato Vega igual est\u00e1 ante la oportunidad con FuerzaXM\u00e9xico a trascender.<\/p>\n\n\n\n<p>Si bien, Marcelo Ruiz S\u00e1nchez ya rebasa el cuarto piso con 42 a\u00f1os, queda entre esta camada de pol\u00edticos j\u00f3venes al frente de un partido.<\/p>\n\n\n\n<p>Dato interesante: Marcelo es bien visto entre los verdes por privilegiar el di\u00e1logo y el acuerdo; lo ven con m\u00e1s calidez en su trato al militante\u2026 y a sus contrincantes y aliados.<\/p>\n\n\n\n<p>Aunque Sergio Gil como Luis Carbonell han dicho que no, est\u00e1n que pintan para estampar sus nombres en la lista de Plurinominales\u2026 mismo asunto para Ivonne Trujillo Ortiz\u2026 en el caso de Tato Vega y Marcelo Ruiz, en una de \u00e9sas, los vemos en el Congreso\u2026 y si bien, son j\u00f3venes, hay casos recientes como los de Bingen Rementer\u00eda y Henry Christophe G\u00f3mez que no rebasaban los 30 a\u00f1os cuando aterrizaron en el Palacio de Encanto.<\/p>\n\n\n\n<p>Por supuesto, ninguno de estos citados tiene el r\u00e9cord de Adolfo Mota Hern\u00e1ndez, quien lleg\u00f3 a la curul local a los 22 a\u00f1os, \u00a1chavito! y por si fuera poco, a los 25, fue dirigente del PRI en Veracruz, caso hist\u00f3rico que si la memoria no me falla, comparte con Gonzalo Morgado Huesca, quien tambi\u00e9n en el cuarto de siglo, tom\u00f3 las riendas del partido\u2026<\/p>\n\n\n\n<p>Al final, j\u00f3venes, viejos, no tan viejos y tampoco no tan j\u00f3venes, viven y han de vivir a su manera la fiesta democr\u00e1tica que se avecina, algunos con m\u00e1s intensidad que otros, pero el chiste es estar, como do\u00f1a Eusebia\u2026 \u00a1viejos los cerros!<\/p>\n\n\n\n<p><a>smcainito@gmail.com<\/a><\/p>\n","protected":false},"excerpt":{"rendered":"<p>Los Pol\u00edticos Salvador Mu\u00f1oz Do\u00f1a Eusebia, con sus 102 a\u00f1os encima, fue nombrada hace unos d\u00edas Coordinadora de Vinculaci\u00f3n con Personas de la Tercera Edad por parte del PES, all\u00e1 en Tlacotalpan\u2026 para muchos, puede significar un \u201c\u00a1Ya si\u00e9ntese, se\u00f1ora!\u201d y motivo de chunga, pero para quienes disfrutamos del quehacer pol\u00edtico, do\u00f1a Eusebia Palacios Luna [&hellip;]<\/p>\n","protected":false},"author":1,"featured_media":70,"comment_status":"open","ping_status":"open","sticky":false,"template":"","format":"standard","meta":{"_jetpack_memberships_contains_paid_content":false,"footnotes":""},"categories":[11],"tags":[],"class_list":["post-11480","post","type-post","status-publish","format-standard","has-post-thumbnail","hentry","category-opinion"],"jetpack_featured_media_url":"https:\/\/encuentroinformativo.com.mx\/wp-content\/uploads\/2020\/02\/opinion-invitado.jpg","jetpack_sharing_enabled":true,"jetpack_likes_enabled":true,"amp_enabled":true,"_links":{"self":[{"href":"https:\/\/encuentroinformativo.com.mx\/index.php?rest_route=\/wp\/v2\/posts\/11480","targetHints":{"allow":["GET"]}}],"collection":[{"href":"https:\/\/encuentroinformativo.com.mx\/index.php?rest_route=\/wp\/v2\/posts"}],"about":[{"href":"https:\/\/encuentroinformativo.com.mx\/index.php?rest_route=\/wp\/v2\/types\/post"}],"author":[{"embeddable":true,"href":"https:\/\/encuentroinformativo.com.mx\/index.php?rest_route=\/wp\/v2\/users\/1"}],"replies":[{"embeddable":true,"href":"https:\/\/encuentroinformativo.com.mx\/index.php?rest_route=%2Fwp%2Fv2%2Fcomments&post=11480"}],"version-history":[{"count":1,"href":"https:\/\/encuentroinformativo.com.mx\/index.php?rest_route=\/wp\/v2\/posts\/11480\/revisions"}],"predecessor-version":[{"id":11481,"href":"https:\/\/encuentroinformativo.com.mx\/index.php?rest_route=\/wp\/v2\/posts\/11480\/revisions\/11481"}],"wp:featuredmedia":[{"embeddable":true,"href":"https:\/\/encuentroinformativo.com.mx\/index.php?rest_route=\/wp\/v2\/media\/70"}],"wp:attachment":[{"href":"https:\/\/encuentroinformativo.com.mx\/index.php?rest_route=%2Fwp%2Fv2%2Fmedia&parent=11480"}],"wp:term":[{"taxonomy":"category","embeddable":true,"href":"https:\/\/encuentroinformativo.com.mx\/index.php?rest_route=%2Fwp%2Fv2%2Fcategories&post=11480"},{"taxonomy":"post_tag","embeddable":true,"href":"https:\/\/encuentroinformativo.com.mx\/index.php?rest_route=%2Fwp%2Fv2%2Ftags&post=11480"}],"curies":[{"name":"wp","href":"https:\/\/api.w.org\/{rel}","templated":true}]}}