{"id":11483,"date":"2021-02-25T13:10:02","date_gmt":"2021-02-25T19:10:02","guid":{"rendered":"https:\/\/encuentroinformativo.com.mx\/?p=11483"},"modified":"2021-02-25T13:10:05","modified_gmt":"2021-02-25T19:10:05","slug":"promueven-colecta-de-viveres-para-musicos-de-misantla","status":"publish","type":"post","link":"https:\/\/encuentroinformativo.com.mx\/?p=11483","title":{"rendered":"Promueven colecta de v\u00edveres para m\u00fasicos de Misantla"},"content":{"rendered":"\n<p><strong>Dar\u00edo Pale <\/strong><\/p>\n\n\n\n<p>Xalapa, Ver.- Integrantes de la Fundaci\u00f3n <em>Sinergia<\/em> llevan a cabo una colecta de v\u00edveres para apoyar a los m\u00fasicos de Misantla, por lo que se llevar\u00e1 a cabo en ese municipio los d\u00edas 20 y 21 de marzo donde recaudar\u00e1n v\u00edveres para repartir a las familias mas necesitadas.<\/p>\n\n\n\n<p>En conferencia de prensa realizada en conocido caf\u00e9 del centro de Xalapa,\u00a0Jos\u00e9 Omar Jim\u00e9nez B\u00e1ez\u00a0se\u00f1alo que,\u00a0&#8220;pedimos que el 20 y 21 marzo apoyen a los m\u00fasicos. Por la contingencia los m\u00fasicos no tenemos trabajo porque no hay eventos. Estamos pidiendo que nos apoyen con un kilo de frijol, de arroz, de aceite, con lo que puedan y se acerquen a un lugar que les vamos a informar despu\u00e9s, pero ser\u00e1 en el centro de Misantla&#8221;.<\/p>\n\n\n\n<p>Dieron a conocer que en una ocasi\u00f3n anterior llevaron a cabo un evento similar por parte de Sinergia Veracruz, en el Sal\u00f3n Bazar de esta capital.<\/p>\n\n\n\n<p>En uso de la voz Juan David Bola\u00f1os Fern\u00e1ndez, locutor de radio puntualiz\u00f3 que habr\u00e1 grupos musicales cuidando la sana distancia, para amenizar un rato el lugar donde se llevar\u00e1 a cabo la colecta.<\/p>\n\n\n\n<p>Los integrantes de Sinergia comentaron que est\u00e1n abiertos a los apoyos de empresarios, de partidos de todas las siglas para apoyar a los m\u00fasicos de Misantla,\u00a0&#8220;no estamos casados con ning\u00fan partido pol\u00edtico, este proyecto no es pol\u00edtico, sino de humanidad para apoyar a much\u00edsimas familias que en este momento est\u00e1n siendo afectadas&#8221;.<\/p>\n\n\n\n<p>Lo que recolecten durante esos dos d\u00edas lo repartir\u00e1n ocho d\u00edas despu\u00e9s porque armar\u00e1n las despensas \u00fanicamente para los m\u00fasicos y a\u00a0trav\u00e9s de la p\u00e1gina Sinergia Veracruz en Facebook los interesados podr\u00e1n ver el seguimiento que han dado sobre la entrega de las despensas de la anterior ocasi\u00f3n.<\/p>\n\n\n\n<p>Finalmente se\u00f1alaron que para recibir los apoyos, deben enviar el nombre del grupo, as\u00ed como un v\u00eddeo para comprobar que se trata de m\u00fasicos.<\/p>\n","protected":false},"excerpt":{"rendered":"<p>Dar\u00edo Pale Xalapa, Ver.- Integrantes de la Fundaci\u00f3n Sinergia llevan a cabo una colecta de v\u00edveres para apoyar a los m\u00fasicos de Misantla, por lo que se llevar\u00e1 a cabo en ese municipio los d\u00edas 20 y 21 de marzo donde recaudar\u00e1n v\u00edveres para repartir a las familias mas necesitadas. En conferencia de prensa realizada [&hellip;]<\/p>\n","protected":false},"author":1,"featured_media":11484,"comment_status":"open","ping_status":"open","sticky":false,"template":"","format":"standard","meta":{"_jetpack_memberships_contains_paid_content":false,"footnotes":""},"categories":[2],"tags":[],"class_list":["post-11483","post","type-post","status-publish","format-standard","has-post-thumbnail","hentry","category-estado"],"jetpack_featured_media_url":"https:\/\/encuentroinformativo.com.mx\/wp-content\/uploads\/2021\/02\/EAB5E131-820C-4911-A288-8577D14C0E17.jpeg","jetpack_sharing_enabled":true,"jetpack_likes_enabled":true,"amp_enabled":true,"_links":{"self":[{"href":"https:\/\/encuentroinformativo.com.mx\/index.php?rest_route=\/wp\/v2\/posts\/11483","targetHints":{"allow":["GET"]}}],"collection":[{"href":"https:\/\/encuentroinformativo.com.mx\/index.php?rest_route=\/wp\/v2\/posts"}],"about":[{"href":"https:\/\/encuentroinformativo.com.mx\/index.php?rest_route=\/wp\/v2\/types\/post"}],"author":[{"embeddable":true,"href":"https:\/\/encuentroinformativo.com.mx\/index.php?rest_route=\/wp\/v2\/users\/1"}],"replies":[{"embeddable":true,"href":"https:\/\/encuentroinformativo.com.mx\/index.php?rest_route=%2Fwp%2Fv2%2Fcomments&post=11483"}],"version-history":[{"count":1,"href":"https:\/\/encuentroinformativo.com.mx\/index.php?rest_route=\/wp\/v2\/posts\/11483\/revisions"}],"predecessor-version":[{"id":11485,"href":"https:\/\/encuentroinformativo.com.mx\/index.php?rest_route=\/wp\/v2\/posts\/11483\/revisions\/11485"}],"wp:featuredmedia":[{"embeddable":true,"href":"https:\/\/encuentroinformativo.com.mx\/index.php?rest_route=\/wp\/v2\/media\/11484"}],"wp:attachment":[{"href":"https:\/\/encuentroinformativo.com.mx\/index.php?rest_route=%2Fwp%2Fv2%2Fmedia&parent=11483"}],"wp:term":[{"taxonomy":"category","embeddable":true,"href":"https:\/\/encuentroinformativo.com.mx\/index.php?rest_route=%2Fwp%2Fv2%2Fcategories&post=11483"},{"taxonomy":"post_tag","embeddable":true,"href":"https:\/\/encuentroinformativo.com.mx\/index.php?rest_route=%2Fwp%2Fv2%2Ftags&post=11483"}],"curies":[{"name":"wp","href":"https:\/\/api.w.org\/{rel}","templated":true}]}}