{"id":11496,"date":"2021-02-25T14:14:50","date_gmt":"2021-02-25T20:14:50","guid":{"rendered":"https:\/\/encuentroinformativo.com.mx\/?p=11496"},"modified":"2021-02-25T14:14:52","modified_gmt":"2021-02-25T20:14:52","slug":"se-construira-casa-asistencial-para-ninas-y-adolescentes-victimas-de-violencia-regidora","status":"publish","type":"post","link":"https:\/\/encuentroinformativo.com.mx\/?p=11496","title":{"rendered":"Se construir\u00e1 Casa Asistencial para ni\u00f1as y adolescentes v\u00edctimas de violencia: Regidora"},"content":{"rendered":"\n<p><strong>Dar\u00edo Pale <\/strong><\/p>\n\n\n\n<p>Xalapa, Ver.- La regidora XII del ayuntamiento de Xalapa Luiza Angelica Bernal Vel\u00e1zquez  dio a conocer que para\u00a0este 2021, en Xalapa se construir\u00e1 una Casa de Asistencial Social para ni\u00f1as y adolescentes que sufre de alg\u00fan tipo de violencia al interior de sus hogares, dicha obra tendr\u00e1 un costo de 7 millones de pesos.<\/p>\n\n\n\n<p>En conferencia de prensa realizada en conocido caf\u00e9 del centro de Xalapa, detall\u00f3 que los trabajos de construcci\u00f3n deben de iniciar el pr\u00f3ximo mes de marzo, para tener una conclusi\u00f3n del pr\u00f3ximo mes de septiembre del 2021. Los recursos son provenientes del Fortamun.<\/p>\n\n\n\n<p>La regidora dio a conocer que el objetivo de esta casa asistencial, es la de brindar un espacio que permita a las menores resguardarse en un sitio seguro, y evitar cualquier tipo de maltrato.<\/p>\n\n\n\n<p>Coment\u00f3 que ser\u00e1n vigilantes que la obra se realice en tiempo y forma, incluso dijo, que se le de un seguimiento por parte de las siguientes administraciones.<\/p>\n\n\n\n<p>&#8220;Estamos atentos a que el proyecto cumpla con el objetivo principal de su construcci\u00f3n, ser\u00eda inhumano que se cierre el proyecto en otras administraciones, pues es un beneficio para m\u00e1s menores&#8221;, se\u00f1al\u00f3.<\/p>\n\n\n\n<p>Finalmente cabe mencionar que la casa de asistencia social se ubicar\u00e1 en Lomas Verdes.<\/p>\n","protected":false},"excerpt":{"rendered":"<p>Dar\u00edo Pale Xalapa, Ver.- La regidora XII del ayuntamiento de Xalapa Luiza Angelica Bernal Vel\u00e1zquez dio a conocer que para\u00a0este 2021, en Xalapa se construir\u00e1 una Casa de Asistencial Social para ni\u00f1as y adolescentes que sufre de alg\u00fan tipo de violencia al interior de sus hogares, dicha obra tendr\u00e1 un costo de 7 millones de [&hellip;]<\/p>\n","protected":false},"author":1,"featured_media":11497,"comment_status":"open","ping_status":"open","sticky":false,"template":"","format":"standard","meta":{"_jetpack_memberships_contains_paid_content":false,"footnotes":""},"categories":[3],"tags":[],"class_list":["post-11496","post","type-post","status-publish","format-standard","has-post-thumbnail","hentry","category-xalapa"],"jetpack_featured_media_url":"https:\/\/encuentroinformativo.com.mx\/wp-content\/uploads\/2021\/02\/89091D8C-1133-42B8-A450-593C7C25C698.jpeg","jetpack_sharing_enabled":true,"jetpack_likes_enabled":true,"amp_enabled":true,"_links":{"self":[{"href":"https:\/\/encuentroinformativo.com.mx\/index.php?rest_route=\/wp\/v2\/posts\/11496","targetHints":{"allow":["GET"]}}],"collection":[{"href":"https:\/\/encuentroinformativo.com.mx\/index.php?rest_route=\/wp\/v2\/posts"}],"about":[{"href":"https:\/\/encuentroinformativo.com.mx\/index.php?rest_route=\/wp\/v2\/types\/post"}],"author":[{"embeddable":true,"href":"https:\/\/encuentroinformativo.com.mx\/index.php?rest_route=\/wp\/v2\/users\/1"}],"replies":[{"embeddable":true,"href":"https:\/\/encuentroinformativo.com.mx\/index.php?rest_route=%2Fwp%2Fv2%2Fcomments&post=11496"}],"version-history":[{"count":1,"href":"https:\/\/encuentroinformativo.com.mx\/index.php?rest_route=\/wp\/v2\/posts\/11496\/revisions"}],"predecessor-version":[{"id":11498,"href":"https:\/\/encuentroinformativo.com.mx\/index.php?rest_route=\/wp\/v2\/posts\/11496\/revisions\/11498"}],"wp:featuredmedia":[{"embeddable":true,"href":"https:\/\/encuentroinformativo.com.mx\/index.php?rest_route=\/wp\/v2\/media\/11497"}],"wp:attachment":[{"href":"https:\/\/encuentroinformativo.com.mx\/index.php?rest_route=%2Fwp%2Fv2%2Fmedia&parent=11496"}],"wp:term":[{"taxonomy":"category","embeddable":true,"href":"https:\/\/encuentroinformativo.com.mx\/index.php?rest_route=%2Fwp%2Fv2%2Fcategories&post=11496"},{"taxonomy":"post_tag","embeddable":true,"href":"https:\/\/encuentroinformativo.com.mx\/index.php?rest_route=%2Fwp%2Fv2%2Ftags&post=11496"}],"curies":[{"name":"wp","href":"https:\/\/api.w.org\/{rel}","templated":true}]}}