{"id":11502,"date":"2021-02-25T15:00:36","date_gmt":"2021-02-25T21:00:36","guid":{"rendered":"https:\/\/encuentroinformativo.com.mx\/?p=11502"},"modified":"2021-02-25T15:00:38","modified_gmt":"2021-02-25T21:00:38","slug":"por-pandemia-disminuye-aforo-en-pago-de-predial-en-veracruz","status":"publish","type":"post","link":"https:\/\/encuentroinformativo.com.mx\/?p=11502","title":{"rendered":"Por pandemia, disminuye aforo en pago de predial en Veracruz"},"content":{"rendered":"\n<p><strong>Alejandro \u00c1vila<\/strong><\/p>\n\n\n\n<p>Veracruz, Ver.- El alcalde Fernando Yunes M\u00e1rquez, reconoci\u00f3 que la crisis por la pandemia de COVID-19 ha afectado la recaudaci\u00f3n del impuesto predial, pues en comparaci\u00f3n con el a\u00f1o pasado se ha recaudado 12 por ciento menos.<\/p>\n\n\n\n<p>En ese sentido, expuso que continuar\u00e1n con la promoci\u00f3n en redes sociales y medios de comunicaci\u00f3n para que los ciudadanos acudan a realizar el pago del impuesto predial lo que resta del mes.<\/p>\n\n\n\n<p>&#8220;Va un poco baja, tenemos cerca de un 10, 12 por ciento bajo con respecto al a\u00f1o pasado (2020), pero esperemos que repunte\u201d, expres\u00f3.<\/p>\n\n\n\n<p>En ese sentido, mencion\u00f3 que hace unos d\u00edas se aprob\u00f3 por unanimidad en Sesi\u00f3n de Cabildo que los descuentos por el impuesto predial se amplien al mes de marzo, tomando en cuenta la crisis econ\u00f3mica que viven algunas familias de Veracruz.<\/p>\n\n\n\n<p>Estos descuentos son, el 20 por ciento para la sociedad en general, y el 50 por ciento a jubilados, pensionados, madres solteras y personas con discapacidad.<\/p>\n","protected":false},"excerpt":{"rendered":"<p>Alejandro \u00c1vila Veracruz, Ver.- El alcalde Fernando Yunes M\u00e1rquez, reconoci\u00f3 que la crisis por la pandemia de COVID-19 ha afectado la recaudaci\u00f3n del impuesto predial, pues en comparaci\u00f3n con el a\u00f1o pasado se ha recaudado 12 por ciento menos. En ese sentido, expuso que continuar\u00e1n con la promoci\u00f3n en redes sociales y medios de comunicaci\u00f3n [&hellip;]<\/p>\n","protected":false},"author":1,"featured_media":11503,"comment_status":"open","ping_status":"open","sticky":false,"template":"","format":"standard","meta":{"_jetpack_memberships_contains_paid_content":false,"footnotes":""},"categories":[2],"tags":[],"class_list":["post-11502","post","type-post","status-publish","format-standard","has-post-thumbnail","hentry","category-estado"],"jetpack_featured_media_url":"https:\/\/encuentroinformativo.com.mx\/wp-content\/uploads\/2021\/02\/EA8E6881-2590-4B5F-963F-9A88EA9612BF.jpeg","jetpack_sharing_enabled":true,"jetpack_likes_enabled":true,"amp_enabled":true,"_links":{"self":[{"href":"https:\/\/encuentroinformativo.com.mx\/index.php?rest_route=\/wp\/v2\/posts\/11502","targetHints":{"allow":["GET"]}}],"collection":[{"href":"https:\/\/encuentroinformativo.com.mx\/index.php?rest_route=\/wp\/v2\/posts"}],"about":[{"href":"https:\/\/encuentroinformativo.com.mx\/index.php?rest_route=\/wp\/v2\/types\/post"}],"author":[{"embeddable":true,"href":"https:\/\/encuentroinformativo.com.mx\/index.php?rest_route=\/wp\/v2\/users\/1"}],"replies":[{"embeddable":true,"href":"https:\/\/encuentroinformativo.com.mx\/index.php?rest_route=%2Fwp%2Fv2%2Fcomments&post=11502"}],"version-history":[{"count":1,"href":"https:\/\/encuentroinformativo.com.mx\/index.php?rest_route=\/wp\/v2\/posts\/11502\/revisions"}],"predecessor-version":[{"id":11504,"href":"https:\/\/encuentroinformativo.com.mx\/index.php?rest_route=\/wp\/v2\/posts\/11502\/revisions\/11504"}],"wp:featuredmedia":[{"embeddable":true,"href":"https:\/\/encuentroinformativo.com.mx\/index.php?rest_route=\/wp\/v2\/media\/11503"}],"wp:attachment":[{"href":"https:\/\/encuentroinformativo.com.mx\/index.php?rest_route=%2Fwp%2Fv2%2Fmedia&parent=11502"}],"wp:term":[{"taxonomy":"category","embeddable":true,"href":"https:\/\/encuentroinformativo.com.mx\/index.php?rest_route=%2Fwp%2Fv2%2Fcategories&post=11502"},{"taxonomy":"post_tag","embeddable":true,"href":"https:\/\/encuentroinformativo.com.mx\/index.php?rest_route=%2Fwp%2Fv2%2Ftags&post=11502"}],"curies":[{"name":"wp","href":"https:\/\/api.w.org\/{rel}","templated":true}]}}