{"id":11505,"date":"2021-02-25T15:09:24","date_gmt":"2021-02-25T21:09:24","guid":{"rendered":"https:\/\/encuentroinformativo.com.mx\/?p=11505"},"modified":"2021-02-25T15:09:27","modified_gmt":"2021-02-25T21:09:27","slug":"suicidio-en-mercado-malibran-de-veracruz-puerto","status":"publish","type":"post","link":"https:\/\/encuentroinformativo.com.mx\/?p=11505","title":{"rendered":"Suicidio en mercado Malibran de Veracruz puerto"},"content":{"rendered":"\n<p><strong>Alejandro \u00c1vila<\/strong><\/p>\n\n\n\n<p>Veracruz, Ver.- La ma\u00f1ana de este jueves se report\u00f3 a los n\u00fameros de emergencia el hallazgo de una persona al interior de uno de los locales del mercado Malibran de Veracruz puerto.<\/p>\n\n\n\n<p>El sujeto de sexo masculino, fue identificado como Mart\u00edn &#8220;N&#8221; de aproximadamente 35 a\u00f1os de edad, quien se habr\u00eda quitado la vida al interior del local 11, de su propiedad, por motivos a\u00fan desconocidos.<\/p>\n\n\n\n<p>Los primeros datos se\u00f1alan que se trat\u00f3 de un suicidio, ya que fue encontrado con una soga amarrada a su cuello dentro de su local en la manzana 44.<\/p>\n\n\n\n<p>La pareja de la v\u00edctima, coment\u00f3 consternada que no ten\u00eda conocimiento de algun problema grave que lo aquejara y hoy, al llegar al establecimiento para iniciar con la venta del d\u00eda, encontr\u00f3 a Mart\u00edn ya sin vida.<\/p>\n\n\n\n<p>Al lugar acudio la Polic\u00eda Ministerial quien tras realizar la indagatoria de rutina procedio a levantar el cuepo.<\/p>\n\n\n\n<p>Este hecho conmocion\u00f3 a los locatarios del mercado Malibran de Veracruz, pues mencionan que Mart\u00edn era una persona de mucho trabajo y que siempre estaba al servicio de los clientes y sus vecinos comerciales.<\/p>\n","protected":false},"excerpt":{"rendered":"<p>Alejandro \u00c1vila Veracruz, Ver.- La ma\u00f1ana de este jueves se report\u00f3 a los n\u00fameros de emergencia el hallazgo de una persona al interior de uno de los locales del mercado Malibran de Veracruz puerto. El sujeto de sexo masculino, fue identificado como Mart\u00edn &#8220;N&#8221; de aproximadamente 35 a\u00f1os de edad, quien se habr\u00eda quitado la [&hellip;]<\/p>\n","protected":false},"author":1,"featured_media":11506,"comment_status":"open","ping_status":"open","sticky":false,"template":"","format":"standard","meta":{"_jetpack_memberships_contains_paid_content":false,"footnotes":""},"categories":[14],"tags":[],"class_list":["post-11505","post","type-post","status-publish","format-standard","has-post-thumbnail","hentry","category-policiaca"],"jetpack_featured_media_url":"https:\/\/encuentroinformativo.com.mx\/wp-content\/uploads\/2021\/02\/C235BB1E-34FF-41C0-892E-E1E4641D905F.jpeg","jetpack_sharing_enabled":true,"jetpack_likes_enabled":true,"amp_enabled":true,"_links":{"self":[{"href":"https:\/\/encuentroinformativo.com.mx\/index.php?rest_route=\/wp\/v2\/posts\/11505","targetHints":{"allow":["GET"]}}],"collection":[{"href":"https:\/\/encuentroinformativo.com.mx\/index.php?rest_route=\/wp\/v2\/posts"}],"about":[{"href":"https:\/\/encuentroinformativo.com.mx\/index.php?rest_route=\/wp\/v2\/types\/post"}],"author":[{"embeddable":true,"href":"https:\/\/encuentroinformativo.com.mx\/index.php?rest_route=\/wp\/v2\/users\/1"}],"replies":[{"embeddable":true,"href":"https:\/\/encuentroinformativo.com.mx\/index.php?rest_route=%2Fwp%2Fv2%2Fcomments&post=11505"}],"version-history":[{"count":1,"href":"https:\/\/encuentroinformativo.com.mx\/index.php?rest_route=\/wp\/v2\/posts\/11505\/revisions"}],"predecessor-version":[{"id":11507,"href":"https:\/\/encuentroinformativo.com.mx\/index.php?rest_route=\/wp\/v2\/posts\/11505\/revisions\/11507"}],"wp:featuredmedia":[{"embeddable":true,"href":"https:\/\/encuentroinformativo.com.mx\/index.php?rest_route=\/wp\/v2\/media\/11506"}],"wp:attachment":[{"href":"https:\/\/encuentroinformativo.com.mx\/index.php?rest_route=%2Fwp%2Fv2%2Fmedia&parent=11505"}],"wp:term":[{"taxonomy":"category","embeddable":true,"href":"https:\/\/encuentroinformativo.com.mx\/index.php?rest_route=%2Fwp%2Fv2%2Fcategories&post=11505"},{"taxonomy":"post_tag","embeddable":true,"href":"https:\/\/encuentroinformativo.com.mx\/index.php?rest_route=%2Fwp%2Fv2%2Ftags&post=11505"}],"curies":[{"name":"wp","href":"https:\/\/api.w.org\/{rel}","templated":true}]}}