{"id":11508,"date":"2021-02-25T15:47:26","date_gmt":"2021-02-25T21:47:26","guid":{"rendered":"https:\/\/encuentroinformativo.com.mx\/?p=11508"},"modified":"2021-02-25T15:47:29","modified_gmt":"2021-02-25T21:47:29","slug":"desconoce-desarrollo-economico-afectaciones-a-comercio-por-pandemia","status":"publish","type":"post","link":"https:\/\/encuentroinformativo.com.mx\/?p=11508","title":{"rendered":"Desconoce Desarrollo Econ\u00f3mico afectaciones a comercio por pandemia"},"content":{"rendered":"\n<p><strong>Dar\u00edo Pale <\/strong><\/p>\n\n\n\n<p>Xalapa, Ver.- El Director de Desarrollo Econ\u00f3mico del ayuntamiento de Xalapa\u00a0Gerardo Mart\u00ednez R\u00edos, dio a conocer que a\u00a0casi un a\u00f1o de confinamiento por la pandemia por COVID-19, la direcci\u00f3n no tiene a\u00fan el dato de las afectaciones y los cierres de comercios,\u00a0justific\u00f3 no conocer el dato, argumentando que ha sido un gran impacto econ\u00f3mico no solo para Xalapa, si no todo el pa\u00eds.<\/p>\n\n\n\n<p>Entrevistado en los pasillos de conocido caf\u00e9 del centro de Xalapa se\u00f1al\u00f3,\u00a0\u201cDesconozco el dato, pero ha sido muy grave para todo el pa\u00eds (\u2026) no podemos andar midiendo cu\u00e1nto perdiste, queremos ir a trabajar y ser pro activos para que la gente siga trabajando\u201d.<\/p>\n\n\n\n<p>Dijo a los medios de comunicaci\u00f3n que no s\u00f3lo tiene porqu\u00e9 hablar de lo malo, si no todo lo contrario, se deben de informar del trabajo que si realiza la autoridad municipal,\u00a0\u201cno tenemos que dar la nota negativa, tenemos que generar percepci\u00f3n positiva, y sigamos trabajando, tenemos cubri\u00e9ndonos, tenemos que cuidarnos, no tenemos porque hablar de lo malo\u201d.<\/p>\n\n\n\n<p>Gerardo Mart\u00ednez, expuso que algunas de las cosas que ellos buscan, es que se tenga m\u00e1s flujo vehicular en el centro de Xalapa, pues con el cierre de las calles que se ha realizado por las Alertas Preventivas, los comercios se han visto afectado, adem\u00e1s, de que la siguiente semana, se abrir\u00e1n 8 Netos, pertenecientes al Grupo Salinas.<\/p>\n\n\n\n<p>\u00bfPero no es apoyo para los peque\u00f1os negocios?, se le cuestion\u00f3.\u00a0<br>A lo que el funcionario dijo que \u201cefectivamente como usted lo dicen \u00bfqu\u00e9 vamos a hacer? , estamos generando las condiciones, tenemos que generar empat\u00eda y consumo local, tenemos que ser pro activos, salir a las tiendas y ver qu\u00e9 hace falta, vamos a iniciar la siguiente semana con equipamiento a comercios, eso es lo que estamos haciendo, generar las facilidades\u201d, finaliz\u00f3.<\/p>\n","protected":false},"excerpt":{"rendered":"<p>Dar\u00edo Pale Xalapa, Ver.- El Director de Desarrollo Econ\u00f3mico del ayuntamiento de Xalapa\u00a0Gerardo Mart\u00ednez R\u00edos, dio a conocer que a\u00a0casi un a\u00f1o de confinamiento por la pandemia por COVID-19, la direcci\u00f3n no tiene a\u00fan el dato de las afectaciones y los cierres de comercios,\u00a0justific\u00f3 no conocer el dato, argumentando que ha sido un gran impacto [&hellip;]<\/p>\n","protected":false},"author":1,"featured_media":11509,"comment_status":"open","ping_status":"open","sticky":false,"template":"","format":"standard","meta":{"_jetpack_memberships_contains_paid_content":false,"footnotes":""},"categories":[3],"tags":[],"class_list":["post-11508","post","type-post","status-publish","format-standard","has-post-thumbnail","hentry","category-xalapa"],"jetpack_featured_media_url":"https:\/\/encuentroinformativo.com.mx\/wp-content\/uploads\/2021\/02\/8D998EF1-132D-4C41-B6AE-BC0792D43E82.jpeg","jetpack_sharing_enabled":true,"jetpack_likes_enabled":true,"amp_enabled":true,"_links":{"self":[{"href":"https:\/\/encuentroinformativo.com.mx\/index.php?rest_route=\/wp\/v2\/posts\/11508","targetHints":{"allow":["GET"]}}],"collection":[{"href":"https:\/\/encuentroinformativo.com.mx\/index.php?rest_route=\/wp\/v2\/posts"}],"about":[{"href":"https:\/\/encuentroinformativo.com.mx\/index.php?rest_route=\/wp\/v2\/types\/post"}],"author":[{"embeddable":true,"href":"https:\/\/encuentroinformativo.com.mx\/index.php?rest_route=\/wp\/v2\/users\/1"}],"replies":[{"embeddable":true,"href":"https:\/\/encuentroinformativo.com.mx\/index.php?rest_route=%2Fwp%2Fv2%2Fcomments&post=11508"}],"version-history":[{"count":1,"href":"https:\/\/encuentroinformativo.com.mx\/index.php?rest_route=\/wp\/v2\/posts\/11508\/revisions"}],"predecessor-version":[{"id":11510,"href":"https:\/\/encuentroinformativo.com.mx\/index.php?rest_route=\/wp\/v2\/posts\/11508\/revisions\/11510"}],"wp:featuredmedia":[{"embeddable":true,"href":"https:\/\/encuentroinformativo.com.mx\/index.php?rest_route=\/wp\/v2\/media\/11509"}],"wp:attachment":[{"href":"https:\/\/encuentroinformativo.com.mx\/index.php?rest_route=%2Fwp%2Fv2%2Fmedia&parent=11508"}],"wp:term":[{"taxonomy":"category","embeddable":true,"href":"https:\/\/encuentroinformativo.com.mx\/index.php?rest_route=%2Fwp%2Fv2%2Fcategories&post=11508"},{"taxonomy":"post_tag","embeddable":true,"href":"https:\/\/encuentroinformativo.com.mx\/index.php?rest_route=%2Fwp%2Fv2%2Ftags&post=11508"}],"curies":[{"name":"wp","href":"https:\/\/api.w.org\/{rel}","templated":true}]}}