{"id":1151,"date":"2020-03-21T14:29:50","date_gmt":"2020-03-21T20:29:50","guid":{"rendered":"https:\/\/encuentroinformativo.com\/?p=1151"},"modified":"2020-03-21T14:29:52","modified_gmt":"2020-03-21T20:29:52","slug":"se-suma-upav-a-suspension-de-actividades","status":"publish","type":"post","link":"https:\/\/encuentroinformativo.com.mx\/?p=1151","title":{"rendered":"Se suma UPAV a suspensi\u00f3n de actividades"},"content":{"rendered":"\n<p><strong>Dar\u00edo Pale <\/strong><\/p>\n\n\n\n<p>Xalapa, Ver.- Este viernes la Universidad Popular Aut\u00f3noma de Veracruz (UPAV) se sum\u00f3 a la suspensi\u00f3n de actividades presenciales del 20 de marzo al 20 de abril con la finalidad de evitar la propagaci\u00f3n del coronavirus.<\/p>\n\n\n\n<p>As\u00ed lo se\u00f1al\u00f3 en entrevista Ometochtli M\u00e9ndez Ram\u00edrez, rector de la UPAV en su mensaje a la comunidad UPAV y a la sociedad en general, el funcionario universitario dijo que la suspensi\u00f3n se realiza para atender las recomendaciones de car\u00e1cter federal y estatal y en apoyo a la medida sanitaria de aislamientos social ante la contingencia del COVID 19.<\/p>\n\n\n\n<p>\u201cEs mi convicci\u00f3n y compromiso apoyar y salvaguardar la salud de los aprendientes y figuras solidarias; para ello, exhorto a los asesores solidarios a redoblar esfuerzos para continuar impulsando el autodidactismo como una estrategia acad\u00e9mica que hace fuerte a esta gran instituci\u00f3n que permite el avance acad\u00e9mico de los aprendientes en estas medidas de prevenci\u00f3n\u201d, dijo el rector de la UPAV.<\/p>\n\n\n\n<p>Por la mencionada raz\u00f3n, en todas las sedes de la UPAV, a partir del d\u00eda 20 de marzo y hasta el 20 de abril del a\u00f1o en curso, las actividades se realizar\u00e1n de car\u00e1cter presencial los s\u00e1bados y domingos en los niveles de bachillerato, licenciaturas y posgrados.<\/p>\n\n\n\n<p>La suspensi\u00f3n de actividades de manera presencial contempla los eventos educativos, culturales, sociales y deportivos.<\/p>\n\n\n\n<p>Invit\u00f3 a todos a consultar frecuentemente las indicaciones que se dar\u00e1n a conocer a trav\u00e9s de la p\u00e1gina oficial\u00a0<a rel=\"noreferrer noopener\" href=\"http:\/\/www.upav.edu.mx\/\" target=\"_blank\">www.upav.edu.mx<\/a>.<\/p>\n\n\n\n<p>Finalmente se\u00f1al\u00f3 que los tr\u00e1mites administrativos se realizar\u00e1n por medio de guardias en oficinas centrales, expres\u00f3.<\/p>\n\n\n\n<p><\/p>\n","protected":false},"excerpt":{"rendered":"<p>Dar\u00edo Pale Xalapa, Ver.- Este viernes la Universidad Popular Aut\u00f3noma de Veracruz (UPAV) se sum\u00f3 a la suspensi\u00f3n de actividades presenciales del 20 de marzo al 20 de abril con la finalidad de evitar la propagaci\u00f3n del coronavirus. As\u00ed lo se\u00f1al\u00f3 en entrevista Ometochtli M\u00e9ndez Ram\u00edrez, rector de la UPAV en su mensaje a la [&hellip;]<\/p>\n","protected":false},"author":1,"featured_media":1152,"comment_status":"open","ping_status":"open","sticky":false,"template":"","format":"standard","meta":{"_jetpack_memberships_contains_paid_content":false,"footnotes":""},"categories":[3],"tags":[],"class_list":["post-1151","post","type-post","status-publish","format-standard","has-post-thumbnail","hentry","category-xalapa"],"jetpack_featured_media_url":"https:\/\/encuentroinformativo.com.mx\/wp-content\/uploads\/2020\/03\/E0A1D0AF-A0EB-4BBC-86CA-6CBE1AC1C05A.jpeg","jetpack_sharing_enabled":true,"jetpack_likes_enabled":true,"amp_enabled":true,"_links":{"self":[{"href":"https:\/\/encuentroinformativo.com.mx\/index.php?rest_route=\/wp\/v2\/posts\/1151","targetHints":{"allow":["GET"]}}],"collection":[{"href":"https:\/\/encuentroinformativo.com.mx\/index.php?rest_route=\/wp\/v2\/posts"}],"about":[{"href":"https:\/\/encuentroinformativo.com.mx\/index.php?rest_route=\/wp\/v2\/types\/post"}],"author":[{"embeddable":true,"href":"https:\/\/encuentroinformativo.com.mx\/index.php?rest_route=\/wp\/v2\/users\/1"}],"replies":[{"embeddable":true,"href":"https:\/\/encuentroinformativo.com.mx\/index.php?rest_route=%2Fwp%2Fv2%2Fcomments&post=1151"}],"version-history":[{"count":1,"href":"https:\/\/encuentroinformativo.com.mx\/index.php?rest_route=\/wp\/v2\/posts\/1151\/revisions"}],"predecessor-version":[{"id":1153,"href":"https:\/\/encuentroinformativo.com.mx\/index.php?rest_route=\/wp\/v2\/posts\/1151\/revisions\/1153"}],"wp:featuredmedia":[{"embeddable":true,"href":"https:\/\/encuentroinformativo.com.mx\/index.php?rest_route=\/wp\/v2\/media\/1152"}],"wp:attachment":[{"href":"https:\/\/encuentroinformativo.com.mx\/index.php?rest_route=%2Fwp%2Fv2%2Fmedia&parent=1151"}],"wp:term":[{"taxonomy":"category","embeddable":true,"href":"https:\/\/encuentroinformativo.com.mx\/index.php?rest_route=%2Fwp%2Fv2%2Fcategories&post=1151"},{"taxonomy":"post_tag","embeddable":true,"href":"https:\/\/encuentroinformativo.com.mx\/index.php?rest_route=%2Fwp%2Fv2%2Ftags&post=1151"}],"curies":[{"name":"wp","href":"https:\/\/api.w.org\/{rel}","templated":true}]}}