{"id":11520,"date":"2021-02-26T11:18:48","date_gmt":"2021-02-26T17:18:48","guid":{"rendered":"https:\/\/encuentroinformativo.com.mx\/?p=11520"},"modified":"2021-02-26T11:18:51","modified_gmt":"2021-02-26T17:18:51","slug":"que-esconde-la-fiscalia-en-el-caso-de-gladys-y-carla","status":"publish","type":"post","link":"https:\/\/encuentroinformativo.com.mx\/?p=11520","title":{"rendered":"\u00bfQU\u00c9 ESCONDE LA FISCAL\u00cdA EN EL CASO DE GLADYS Y CARLA?"},"content":{"rendered":"\n<ul class=\"wp-block-list\"><li>Crisis en legendaria radiodifusora de Mina.<\/li><li>Las Choapas, a dos fuegos.<\/li><li>Karime busca amparo de la Suprema Corte.<\/li><\/ul>\n\n\n\n<p>Que la tiburona Paty Armend\u00e1riz tambi\u00e9n<br>quiere se diputada por Morena.<br>&#8211;Chopenjawer<\/p>\n\n\n\n<p>Van ya m\u00e1s de 10 d\u00edas desde que se cometi\u00f3 el atroz asesinato de la exalcaldesa de Cosoleacaque, Gladys Merl\u00edn, y su hija Carla Enr\u00edquez Merlin; y pese a haber dos testigos de los hechos sangrientos (dos vigilantes de la residencia) hasta el d\u00eda de hoy no hay detenidos.<\/p>\n\n\n\n<p>Teniendo un escenario con elementos a favor para resolver de manera expedita el doble homicidio, la lentitud de la Fiscal\u00eda General del Estado hasta parece sospechosa.<\/p>\n\n\n\n<p>De entrada, fue el propio Emigdio Enr\u00edquez Merl\u00edn, hijo y hermano de Gladys y Carla, justo al salir de rendir su declaraci\u00f3n en la Fiscal\u00eda Regional de Cosoleacaque la noche de este mi\u00e9rcoles, quien habl\u00f3 del hermetismo en la Fiscal\u00eda, aunque dijo confiar en la justicia.<\/p>\n\n\n\n<p>Abordado por los medios de comunicaci\u00f3n, el tambi\u00e9n empresario se\u00f1al\u00f3: &#8220;Yo s\u00e9 lo mismo que ustedes; que han dicho que hay avances, que ah\u00ed van caminando; yo pregunto, pero andan muy herm\u00e9ticos. Yo conf\u00edo en la justicia del Gobierno del Estado y la justicia federal y que est\u00e1n haciendo todo lo posible&#8221;.<\/p>\n\n\n\n<p>Ah\u00ed mismo dijo que fue su primera declaraci\u00f3n ministerial, a m\u00e1s de 10 d\u00edas del asesinato de su madre y hermana.<\/p>\n\n\n\n<p>&#8211;\u00bfTodav\u00eda no se conoce el m\u00f3vil?&#8211; pregunt\u00f3 un reportero.<br>&#8211;No, y es una cosa que yo me pregunto todas las noches porque no \u00e9ramos gente mala, no le deb\u00edan nada a nadie; hab\u00eda adversarios pol\u00edticos m\u00e1s no enemigos pol\u00edticos; o sea, no entiendo porqu\u00e9 tanta sa\u00f1a y porqu\u00e9 de esa manera.<\/p>\n\n\n\n<p>En el mismo sentido, plante\u00f3 algo que se ha comentado en columnas anteriores: la casa es una fortaleza, con sistemas de seguridad; es obvio que alguien que conoc\u00eda la casa logr\u00f3 entrar y cometer el doble homicidio.<\/p>\n\n\n\n<p>&#8220;Tuvo que haber sido alguien que conoc\u00eda muy bien la casa\u201d, subray\u00f3.<\/p>\n\n\n\n<p>Un dato relevante que da a conocer Emigdio es que ese fatal d\u00eda la corriente el\u00e9ctrica de la cerca de seguridad que rodeaba a la casa no estaba activada.<\/p>\n\n\n\n<p>&#8220;Hasta donde s\u00e9 la malla no ten\u00eda electricidad ese d\u00eda, lo cual es muy raro, le bajaron el switch, es algo muy premeditado, muy medido&#8221;, coment\u00f3.<\/p>\n\n\n\n<p>Revel\u00f3 que todav\u00eda tuvo contacto v\u00eda mensajes con su mam\u00e1 hasta la 1.40 de la madrugada de ese fat\u00eddico 15 de febrero.<\/p>\n\n\n\n<p>Otro dato interesante que revela Emigdio es que hasta hoy no han llamado a declarar a los escoltas de su madre.<\/p>\n\n\n\n<p>\u00bfQu\u00e9 pasar\u00e1 en la Fiscal\u00eda que de plano andan muy lentos para resolver casos de alto impacto?<\/p>\n\n\n\n<p>Por lo pronto ya tienen otros esc\u00e1ndalos en puerta, como el caso Florisel, la alcaldesa de Jamapa, o el de Mar\u00eda Guadalupe Mart\u00ednez Aguilar, rectora de la Universidad Valladolid, en Xalapa; se hablan de casos de intentos de modificar dict\u00e1menes periciales y hasta tortura.<\/p>\n\n\n\n<p>El que de plano permanece inlocalizable es el exfiscal Winckler, y ya de plano parece que no hay voluntad de la FGE para buscarlo.<\/p>\n\n\n\n<p>Ah\u00ed la lleva la Fiscala.<\/p>\n\n\n\n<p><strong>NOTA PARA PEGAR EN EL REFRI:<\/strong> Que desde hace como 10 d\u00edas desapareci\u00f3 del espacio radiof\u00f3nico la se\u00f1al de la XEMI, de Minatitl\u00e1n; seg\u00fan se comenta, es probable que ya la vieja estaci\u00f3n haya cerrado y no vuelva a salir al aire, aunque otra versi\u00f3n es que sencillamente deben mucho dinero por concepto de energ\u00eda el\u00e9ctrica y por eso no pueden encender las cabinas. Se habla tambi\u00e9n, dentro de esta crisis de medios, que una estaci\u00f3n de Coatzacoalcos anda en la misma situaci\u00f3n\u2026 Es curioso, pero hasta hace algunos a\u00f1os todav\u00eda era un negocio rentable una estaci\u00f3n de radio en Mina, pero empresas de calibre pesado como la cervecer\u00eda Corona &#8211;por a\u00f1os el mejor cliente de muchos medios&#8211; dejaron de patrocinar espacios; tambi\u00e9n se sabe que a los due\u00f1os los han estado apretando con el tema de los impuestos que durante a\u00f1os no pagaron.<\/p>\n\n\n\n<p><strong>OTRA NOTA: <\/strong>Que en Las Choapas hay preocupaci\u00f3n porque est\u00e1n los ciudadanos a dos fuegos: por un lado, &#8220;Todo Por Veracruz&#8221; revivi\u00f3 al tenebroso Renato Tronco como su candidato a la alcald\u00eda; pero tambi\u00e9n est\u00e1 est\u00e1 Jes\u00fas Uribe como aspirante de la coalici\u00f3n PRI-PAN-PRD, a quien hasta hace poco ubican como cercano operador del &#8220;Payaso de Rodeo&#8221;\u2026 Seg\u00fan el chisme, Uribe y Tronco ya no se llevan, pero nadie en el pueblo se las cree\u2026 Dicen que el candidato aliancista anda muy pr\u00f3spero que hasta construy\u00f3 una plaza comercial y regala 6 meses de renta gratis; la otra es que se compr\u00f3 hasta un helic\u00f3ptero que tiene estacionado en el patio de su casa.<\/p>\n\n\n\n<p><strong>LA \u00daLTIMA PORQUE ES VIEEERNEEEEEES: <\/strong>&#8220;Karime Mac\u00edas, ex esposa del ex gobernador de Veracruz Javier Duarte de Ochoa, solicit\u00f3 una vez m\u00e1s a la Suprema Corte de Justicia de la Naci\u00f3n (SCJN) que atraiga un amparo con el que busca tirar la orden de aprehensi\u00f3n que fue librada en su contra y la orden de detenci\u00f3n con fines de extradici\u00f3n que existen en su contra. La defensa de Karime defensa busca que el caso sea resuelto por la Suprema Corte y no por el Primer Tribunal Colegiado en Materia Penal en Ciudad de M\u00e9xico, no emita sentencia, luego de que hace unas semanas en una sesi\u00f3n rechaz\u00f3 otro recurso que promovi\u00f3 en busca de frenar su detenci\u00f3n y extradici\u00f3n&#8221;, informa el portal Versiones.com.mx.<\/p>\n\n\n\n<p><strong>@pablojair<\/strong><\/p>\n","protected":false},"excerpt":{"rendered":"<p>Crisis en legendaria radiodifusora de Mina. Las Choapas, a dos fuegos. Karime busca amparo de la Suprema Corte. Que la tiburona Paty Armend\u00e1riz tambi\u00e9nquiere se diputada por Morena.&#8211;Chopenjawer Van ya m\u00e1s de 10 d\u00edas desde que se cometi\u00f3 el atroz asesinato de la exalcaldesa de Cosoleacaque, Gladys Merl\u00edn, y su hija Carla Enr\u00edquez Merlin; y [&hellip;]<\/p>\n","protected":false},"author":1,"featured_media":488,"comment_status":"open","ping_status":"open","sticky":false,"template":"","format":"standard","meta":{"_jetpack_memberships_contains_paid_content":false,"footnotes":""},"categories":[11],"tags":[],"class_list":["post-11520","post","type-post","status-publish","format-standard","has-post-thumbnail","hentry","category-opinion"],"jetpack_featured_media_url":"https:\/\/encuentroinformativo.com.mx\/wp-content\/uploads\/2020\/03\/F471F608-BA1A-416B-BA7B-BCFB24F4E6D0.jpeg","jetpack_sharing_enabled":true,"jetpack_likes_enabled":true,"amp_enabled":true,"_links":{"self":[{"href":"https:\/\/encuentroinformativo.com.mx\/index.php?rest_route=\/wp\/v2\/posts\/11520","targetHints":{"allow":["GET"]}}],"collection":[{"href":"https:\/\/encuentroinformativo.com.mx\/index.php?rest_route=\/wp\/v2\/posts"}],"about":[{"href":"https:\/\/encuentroinformativo.com.mx\/index.php?rest_route=\/wp\/v2\/types\/post"}],"author":[{"embeddable":true,"href":"https:\/\/encuentroinformativo.com.mx\/index.php?rest_route=\/wp\/v2\/users\/1"}],"replies":[{"embeddable":true,"href":"https:\/\/encuentroinformativo.com.mx\/index.php?rest_route=%2Fwp%2Fv2%2Fcomments&post=11520"}],"version-history":[{"count":1,"href":"https:\/\/encuentroinformativo.com.mx\/index.php?rest_route=\/wp\/v2\/posts\/11520\/revisions"}],"predecessor-version":[{"id":11521,"href":"https:\/\/encuentroinformativo.com.mx\/index.php?rest_route=\/wp\/v2\/posts\/11520\/revisions\/11521"}],"wp:featuredmedia":[{"embeddable":true,"href":"https:\/\/encuentroinformativo.com.mx\/index.php?rest_route=\/wp\/v2\/media\/488"}],"wp:attachment":[{"href":"https:\/\/encuentroinformativo.com.mx\/index.php?rest_route=%2Fwp%2Fv2%2Fmedia&parent=11520"}],"wp:term":[{"taxonomy":"category","embeddable":true,"href":"https:\/\/encuentroinformativo.com.mx\/index.php?rest_route=%2Fwp%2Fv2%2Fcategories&post=11520"},{"taxonomy":"post_tag","embeddable":true,"href":"https:\/\/encuentroinformativo.com.mx\/index.php?rest_route=%2Fwp%2Fv2%2Ftags&post=11520"}],"curies":[{"name":"wp","href":"https:\/\/api.w.org\/{rel}","templated":true}]}}