{"id":11522,"date":"2021-02-26T11:54:05","date_gmt":"2021-02-26T17:54:05","guid":{"rendered":"https:\/\/encuentroinformativo.com.mx\/?p=11522"},"modified":"2021-02-26T11:54:08","modified_gmt":"2021-02-26T17:54:08","slug":"registran-sequia-municipios-de-la-zona-norte","status":"publish","type":"post","link":"https:\/\/encuentroinformativo.com.mx\/?p=11522","title":{"rendered":"Registran sequ\u00eda municipios de la zona norte"},"content":{"rendered":"\n<p><strong>Dar\u00edo Pale <\/strong><\/p>\n\n\n\n<p>Xalapa, Ver.- Al menos 28 municipios del norte del estado presentan una condici\u00f3n anormalmente seca y 13 con sequ\u00eda moderada, as\u00ed lo inform\u00f3\u00a0Jos\u00e9 Llanos Arias, subcoordinador de Fen\u00f3menos Atmosf\u00e9ricos del Centro de Estudios y Pron\u00f3sticos Meteorol\u00f3gicos de la Secretar\u00eda de Protecci\u00f3n Civil.<\/p>\n\n\n\n<p>En su tradicional conferencia de prensa de los viernes desde sus instalaciones se\u00f1al\u00f3 que,\u00a0\u201ces la zona norte donde se concentran estos municipios con alg\u00fan grado de sequ\u00eda&#8221;.<\/p>\n\n\n\n<p>Dio a conocer que durante el mes de enero y lo que va de febrero, as\u00ed como por el paso de los frentes fr\u00edos, ha habido precipitaciones importantes desde la cuenca del r\u00edo Tuxpan hasta la cuenca del r\u00edo La Antigua que provocaron que hubiera lluvias por arriba del promedio.<\/p>\n\n\n\n<p>Asimismo, en las cuencas del Coatzacoalcos y Tonal\u00e1, pero asever\u00f3 que es la zona norte donde est\u00e1n los municipios con problemas de sequ\u00eda.<\/p>\n\n\n\n<p>Al momento se han registrado 89 frentes fr\u00edos, pero un factor importante son las condiciones meteorol\u00f3gicas como viento, humedad y temperatura que pueden favorecer el desarrollo de incendios forestales.<\/p>\n\n\n\n<p>Finalmente sobre el estiaje, Llanos Arias refiri\u00f3 que desde el mes de diciembre comenz\u00f3 a disminuir la lluvia acumulada en el Estado.<\/p>\n","protected":false},"excerpt":{"rendered":"<p>Dar\u00edo Pale Xalapa, Ver.- Al menos 28 municipios del norte del estado presentan una condici\u00f3n anormalmente seca y 13 con sequ\u00eda moderada, as\u00ed lo inform\u00f3\u00a0Jos\u00e9 Llanos Arias, subcoordinador de Fen\u00f3menos Atmosf\u00e9ricos del Centro de Estudios y Pron\u00f3sticos Meteorol\u00f3gicos de la Secretar\u00eda de Protecci\u00f3n Civil. En su tradicional conferencia de prensa de los viernes desde sus [&hellip;]<\/p>\n","protected":false},"author":1,"featured_media":11523,"comment_status":"open","ping_status":"open","sticky":false,"template":"","format":"standard","meta":{"_jetpack_memberships_contains_paid_content":false,"footnotes":""},"categories":[2],"tags":[],"class_list":["post-11522","post","type-post","status-publish","format-standard","has-post-thumbnail","hentry","category-estado"],"jetpack_featured_media_url":"https:\/\/encuentroinformativo.com.mx\/wp-content\/uploads\/2021\/02\/0E9172FA-5DA6-4FA2-A394-C4346F94B33F.jpeg","jetpack_sharing_enabled":true,"jetpack_likes_enabled":true,"amp_enabled":true,"_links":{"self":[{"href":"https:\/\/encuentroinformativo.com.mx\/index.php?rest_route=\/wp\/v2\/posts\/11522","targetHints":{"allow":["GET"]}}],"collection":[{"href":"https:\/\/encuentroinformativo.com.mx\/index.php?rest_route=\/wp\/v2\/posts"}],"about":[{"href":"https:\/\/encuentroinformativo.com.mx\/index.php?rest_route=\/wp\/v2\/types\/post"}],"author":[{"embeddable":true,"href":"https:\/\/encuentroinformativo.com.mx\/index.php?rest_route=\/wp\/v2\/users\/1"}],"replies":[{"embeddable":true,"href":"https:\/\/encuentroinformativo.com.mx\/index.php?rest_route=%2Fwp%2Fv2%2Fcomments&post=11522"}],"version-history":[{"count":1,"href":"https:\/\/encuentroinformativo.com.mx\/index.php?rest_route=\/wp\/v2\/posts\/11522\/revisions"}],"predecessor-version":[{"id":11524,"href":"https:\/\/encuentroinformativo.com.mx\/index.php?rest_route=\/wp\/v2\/posts\/11522\/revisions\/11524"}],"wp:featuredmedia":[{"embeddable":true,"href":"https:\/\/encuentroinformativo.com.mx\/index.php?rest_route=\/wp\/v2\/media\/11523"}],"wp:attachment":[{"href":"https:\/\/encuentroinformativo.com.mx\/index.php?rest_route=%2Fwp%2Fv2%2Fmedia&parent=11522"}],"wp:term":[{"taxonomy":"category","embeddable":true,"href":"https:\/\/encuentroinformativo.com.mx\/index.php?rest_route=%2Fwp%2Fv2%2Fcategories&post=11522"},{"taxonomy":"post_tag","embeddable":true,"href":"https:\/\/encuentroinformativo.com.mx\/index.php?rest_route=%2Fwp%2Fv2%2Ftags&post=11522"}],"curies":[{"name":"wp","href":"https:\/\/api.w.org\/{rel}","templated":true}]}}