{"id":11530,"date":"2021-02-26T13:11:22","date_gmt":"2021-02-26T19:11:22","guid":{"rendered":"https:\/\/encuentroinformativo.com.mx\/?p=11530"},"modified":"2021-02-26T13:11:26","modified_gmt":"2021-02-26T19:11:26","slug":"asf-pidio-aclarar-gasto-de-118-mdp-gomez-cazarin","status":"publish","type":"post","link":"https:\/\/encuentroinformativo.com.mx\/?p=11530","title":{"rendered":"ASF pidi\u00f3 \u201caclarar\u201d gasto de 118 mdp:  G\u00f3mez Cazar\u00edn"},"content":{"rendered":"\n<p><strong>*El presidente de la Junta de Coordinaci\u00f3n Pol\u00edtica dijo que no se trata de observaciones efectuadas por la Auditor\u00eda Superior de la Federaci\u00f3n.  <\/strong><br><br><strong>Dar\u00edo Pale <\/strong><\/p>\n\n\n\n<p>Xalapa, Ver.- La Auditor\u00eda Superior de la Federaci\u00f3n (ASF), no\u00a0les hizo observaciones, si no que \u00fanicamente pidi\u00f3 se aclarara en que se gast\u00f3\u00a0 m\u00e1s de 118 millones de pesos, as\u00ed lo inform\u00f3 el\u00a0presidente de la Junta de Coordinaci\u00f3n Pol\u00edtica en el Congreso de Veracruz, Juan Javier G\u00f3mez Cazar\u00edn.<\/p>\n\n\n\n<p>En entrevistado aclar\u00f3 que fueron ellos quienes pidieron se les hiciera una revisi\u00f3n, apegados siempre a la transparencia que tienen desde que dio inici\u00f3 la LXV Legislatura,\u00a0\u201cno son observaciones, fueron una aclaraci\u00f3n, y quiero decirles que nosotros mismos solicitamos que nos est\u00e9n auditando, antes no se ped\u00eda eso, pero no podemos seguir el mismo rumbo de las Legislaturas pasadas\u201d.<\/p>\n\n\n\n<p>El tambi\u00e9n coordinador de la fracci\u00f3n parlamentaria de Morena, afirm\u00f3 que ellos buscan dar cuentas claras a las y los veracruzanos,\u00a0\u201clos diputados deben de entender que todos, todos tienen que entregar las cuentas y todos deben de rendir cuentas, nosotros no vamos a ser tapadera de nadie y de ning\u00fan compa\u00f1ero de Morena aunque sea diputado\u201d.<\/p>\n\n\n\n<p>Juan Javier G\u00f3mez dijo que son tiempos diferentes, ya que ellos si llegaron para transformar el Congreso del Estado, y muestra de ello es que nunca se aumentaron ni un peso de su salario as\u00ed como del presupuesto anual.<\/p>\n\n\n\n<p>\u201cLo han dicho, lo repetimos, no se ha aumentado ni un solo peso de presupuesto, y la disminuci\u00f3n de 50 pesos, no se ha comprado ni un solo veh\u00edculo en el Congreso del Estado y vamos a seguir, m\u00e1s en\u00e9rgicos y vamos a solicitar m\u00e1s autor\u00eda\u201d, coment\u00f3.<\/p>\n\n\n\n<p>El legislador morenista aclar\u00f3 que ellos seguir\u00e1n apegados a la transparencia, por lo que no temen que se les hagan auditorias.<\/p>\n\n\n\n<p>Finalmente cabe recordar que el pasado fin de semana, se dio a conocer que el Congreso del Estado de Veracruz no habr\u00eda podido justificar o comprobar ante la ASF el gasto de 118 millones 147 mil 394 pesos que, en teor\u00eda se habr\u00edan ejercido a trav\u00e9s del cap\u00edtulo 4000 (Transferencias, Asignaciones, Subsidios y Otras Ayudas) en su presupuesto, de\u00a0ah\u00ed, que se le hayan hecho las observaciones correspondientes, notificando a la Secretar\u00eda General.<\/p>\n","protected":false},"excerpt":{"rendered":"<p>*El presidente de la Junta de Coordinaci\u00f3n Pol\u00edtica dijo que no se trata de observaciones efectuadas por la Auditor\u00eda Superior de la Federaci\u00f3n. Dar\u00edo Pale Xalapa, Ver.- La Auditor\u00eda Superior de la Federaci\u00f3n (ASF), no\u00a0les hizo observaciones, si no que \u00fanicamente pidi\u00f3 se aclarara en que se gast\u00f3\u00a0 m\u00e1s de 118 millones de pesos, as\u00ed [&hellip;]<\/p>\n","protected":false},"author":1,"featured_media":11531,"comment_status":"open","ping_status":"open","sticky":false,"template":"","format":"standard","meta":{"_jetpack_memberships_contains_paid_content":false,"footnotes":""},"categories":[2],"tags":[],"class_list":["post-11530","post","type-post","status-publish","format-standard","has-post-thumbnail","hentry","category-estado"],"jetpack_featured_media_url":"https:\/\/encuentroinformativo.com.mx\/wp-content\/uploads\/2021\/02\/970DAF48-C259-4EAC-9E86-190746CC4836.jpeg","jetpack_sharing_enabled":true,"jetpack_likes_enabled":true,"amp_enabled":true,"_links":{"self":[{"href":"https:\/\/encuentroinformativo.com.mx\/index.php?rest_route=\/wp\/v2\/posts\/11530","targetHints":{"allow":["GET"]}}],"collection":[{"href":"https:\/\/encuentroinformativo.com.mx\/index.php?rest_route=\/wp\/v2\/posts"}],"about":[{"href":"https:\/\/encuentroinformativo.com.mx\/index.php?rest_route=\/wp\/v2\/types\/post"}],"author":[{"embeddable":true,"href":"https:\/\/encuentroinformativo.com.mx\/index.php?rest_route=\/wp\/v2\/users\/1"}],"replies":[{"embeddable":true,"href":"https:\/\/encuentroinformativo.com.mx\/index.php?rest_route=%2Fwp%2Fv2%2Fcomments&post=11530"}],"version-history":[{"count":1,"href":"https:\/\/encuentroinformativo.com.mx\/index.php?rest_route=\/wp\/v2\/posts\/11530\/revisions"}],"predecessor-version":[{"id":11532,"href":"https:\/\/encuentroinformativo.com.mx\/index.php?rest_route=\/wp\/v2\/posts\/11530\/revisions\/11532"}],"wp:featuredmedia":[{"embeddable":true,"href":"https:\/\/encuentroinformativo.com.mx\/index.php?rest_route=\/wp\/v2\/media\/11531"}],"wp:attachment":[{"href":"https:\/\/encuentroinformativo.com.mx\/index.php?rest_route=%2Fwp%2Fv2%2Fmedia&parent=11530"}],"wp:term":[{"taxonomy":"category","embeddable":true,"href":"https:\/\/encuentroinformativo.com.mx\/index.php?rest_route=%2Fwp%2Fv2%2Fcategories&post=11530"},{"taxonomy":"post_tag","embeddable":true,"href":"https:\/\/encuentroinformativo.com.mx\/index.php?rest_route=%2Fwp%2Fv2%2Ftags&post=11530"}],"curies":[{"name":"wp","href":"https:\/\/api.w.org\/{rel}","templated":true}]}}