{"id":11540,"date":"2021-02-26T15:06:29","date_gmt":"2021-02-26T21:06:29","guid":{"rendered":"https:\/\/encuentroinformativo.com.mx\/?p=11540"},"modified":"2021-02-26T15:06:36","modified_gmt":"2021-02-26T21:06:36","slug":"gobierno-cumplio-con-la-uv-al-pagar-adeudos-lima-franco","status":"publish","type":"post","link":"https:\/\/encuentroinformativo.com.mx\/?p=11540","title":{"rendered":"Gobierno cumpli\u00f3 con la UV al pagar adeudos: Lima Franco"},"content":{"rendered":"\n<p><strong>Juan Arcos <\/strong><\/p>\n\n\n\n<p>Xalapa, Ver.- El titular de la Secretar\u00eda de Finanzas y Planeaci\u00f3n (Sefiplan), Jos\u00e9 Luis Lima Franco, dio a conocer que se logr\u00f3 cubrir el adeudo total que manten\u00eda la Universidad Veracruzana (UV) con el Servicio de Administraci\u00f3n Tributaria (SAT).<\/p>\n\n\n\n<p>El funcionario estatal revel\u00f3 que el monto total ascend\u00eda a los 3 mil 325 millones de pesos, mismo que hab\u00eda sido heredado desde administraciones pasadas.<\/p>\n\n\n\n<p>\u201cGracias al manejo honesto de las finanzas p\u00fablicas, hemos logrado cubrir el adeudo total de la Universidad Veracruzana ante el SAT que las administraciones anteriores dejaron, el cual ascend\u00eda a 3,325\u2019533,346. (Tres mil trescientos veinticinco millones quinientos treinta y tres mil trescientos cuarenta y seis pesos)\u201d, expres\u00f3.<\/p>\n\n\n\n<p>Adem\u00e1s, destac\u00f3 que el Gobierno del Estado de Veracruz reafirm\u00f3 su compromiso y gratitud con la m\u00e1xima casa de estudios, cumpliendo la promesa de rescatarla financieramente.<\/p>\n\n\n\n<p>\u201cHoy, esto es una realidad gracias al orden, transparencia y disciplina de las finanzas de los veracruzanos\u201d, enfatiz\u00f3 Lima Franco.<\/p>\n\n\n\n<p>Recientemente, la rectora de la UV, Sara Ladr\u00f3n de Guevara Gonz\u00e1lez, agradeci\u00f3 al gobernador Cuitl\u00e1huac Garc\u00eda Jim\u00e9nez por su voluntad pol\u00edtica y su compromiso cumplido, logrando el finiquito del adeudo heredado correspondiente al pago del Impuesto Sobre la Renta retenido por sueldos y salarios de los trabajadores universitarios con el SAT.<\/p>\n\n\n\n<p>La acad\u00e9mica tambi\u00e9n reconoci\u00f3 al maestro Jos\u00e9 Luis Lima Franco por el saneamiento y el orden de las finanzas en el estado.<\/p>\n\n\n\n<p>\u201cGracias a la LXV Legisladora del Estado por apoyar la estabilidad institucional. Gracias a las organizaciones universitarias ANUIES y ADUAL por acompa\u00f1ar la lucha sostenida en momentos inciertos. Gracias a las organizaciones sindicales de la UV: FESAPAUV, SETSUV, AFECUV por caminar siempre a nuestro lado. Gracias, sobretodo a la comunidad universitaria que asumi\u00f3 el reto sin tregua para devolver a la UV su destino de \u2018Lis de Veracruz: arte, ciencia, luz\u201d, se lee en el pronunciamiento de Ladr\u00f3n de Guevara Gonz\u00e1lez.<\/p>\n","protected":false},"excerpt":{"rendered":"<p>Juan Arcos Xalapa, Ver.- El titular de la Secretar\u00eda de Finanzas y Planeaci\u00f3n (Sefiplan), Jos\u00e9 Luis Lima Franco, dio a conocer que se logr\u00f3 cubrir el adeudo total que manten\u00eda la Universidad Veracruzana (UV) con el Servicio de Administraci\u00f3n Tributaria (SAT). El funcionario estatal revel\u00f3 que el monto total ascend\u00eda a los 3 mil 325 [&hellip;]<\/p>\n","protected":false},"author":1,"featured_media":11541,"comment_status":"open","ping_status":"open","sticky":false,"template":"","format":"standard","meta":{"_jetpack_memberships_contains_paid_content":false,"footnotes":""},"categories":[2],"tags":[],"class_list":["post-11540","post","type-post","status-publish","format-standard","has-post-thumbnail","hentry","category-estado"],"jetpack_featured_media_url":"https:\/\/encuentroinformativo.com.mx\/wp-content\/uploads\/2021\/02\/FCEAE02A-61C1-481C-8AFB-95CCD105CB67.jpeg","jetpack_sharing_enabled":true,"jetpack_likes_enabled":true,"amp_enabled":true,"_links":{"self":[{"href":"https:\/\/encuentroinformativo.com.mx\/index.php?rest_route=\/wp\/v2\/posts\/11540","targetHints":{"allow":["GET"]}}],"collection":[{"href":"https:\/\/encuentroinformativo.com.mx\/index.php?rest_route=\/wp\/v2\/posts"}],"about":[{"href":"https:\/\/encuentroinformativo.com.mx\/index.php?rest_route=\/wp\/v2\/types\/post"}],"author":[{"embeddable":true,"href":"https:\/\/encuentroinformativo.com.mx\/index.php?rest_route=\/wp\/v2\/users\/1"}],"replies":[{"embeddable":true,"href":"https:\/\/encuentroinformativo.com.mx\/index.php?rest_route=%2Fwp%2Fv2%2Fcomments&post=11540"}],"version-history":[{"count":1,"href":"https:\/\/encuentroinformativo.com.mx\/index.php?rest_route=\/wp\/v2\/posts\/11540\/revisions"}],"predecessor-version":[{"id":11542,"href":"https:\/\/encuentroinformativo.com.mx\/index.php?rest_route=\/wp\/v2\/posts\/11540\/revisions\/11542"}],"wp:featuredmedia":[{"embeddable":true,"href":"https:\/\/encuentroinformativo.com.mx\/index.php?rest_route=\/wp\/v2\/media\/11541"}],"wp:attachment":[{"href":"https:\/\/encuentroinformativo.com.mx\/index.php?rest_route=%2Fwp%2Fv2%2Fmedia&parent=11540"}],"wp:term":[{"taxonomy":"category","embeddable":true,"href":"https:\/\/encuentroinformativo.com.mx\/index.php?rest_route=%2Fwp%2Fv2%2Fcategories&post=11540"},{"taxonomy":"post_tag","embeddable":true,"href":"https:\/\/encuentroinformativo.com.mx\/index.php?rest_route=%2Fwp%2Fv2%2Ftags&post=11540"}],"curies":[{"name":"wp","href":"https:\/\/api.w.org\/{rel}","templated":true}]}}