{"id":11543,"date":"2021-02-26T16:35:12","date_gmt":"2021-02-26T22:35:12","guid":{"rendered":"https:\/\/encuentroinformativo.com.mx\/?p=11543"},"modified":"2021-02-26T16:35:15","modified_gmt":"2021-02-26T22:35:15","slug":"entrego-ine-padron-nominal-a-partidos-politicos","status":"publish","type":"post","link":"https:\/\/encuentroinformativo.com.mx\/?p=11543","title":{"rendered":"Entreg\u00f3 INE padr\u00f3n nominal a partidos pol\u00edticos"},"content":{"rendered":"\n<p><strong>Dar\u00edo Pale <\/strong><\/p>\n\n\n\n<p>Xalapa, Ver.- El Instituto Nacional Electoral (INE), ya realiz\u00f3 la\u00a0entrega de la lista y el padr\u00f3n nominal, para que los partidos pol\u00edticos que participan en la elecci\u00f3n del presente a\u00f1o realicen una revisi\u00f3n del mismo, as\u00ed lo inform\u00f3 el vocal ejecutivo de la junta local\u00a0Josu\u00e9 Cervantes Martinez.<\/p>\n\n\n\n<p>En entrevista se\u00f1al\u00f3\u00a0\u201cestamos en la fase de revisi\u00f3n del listado nominal para que posteriormente se presente el informe respectivo al Consejo General del INE y se pueda validar el padr\u00f3n y lista nominal, en este momento el listado que se present\u00f3 al OPLE, es para que a su vez lo entregue a los partidos pol\u00edticos que est\u00e1n participando en la elecci\u00f3n local, lo pidieron cinco partidos\u201d.<\/p>\n\n\n\n<p>Explic\u00f3 que esa informaci\u00f3n se entreg\u00f3 en\u00a0 formato digital a trav\u00e9s de memorias USB, donde las fuerzas pol\u00edticas podr\u00e1n consultar y hacer las observaciones pertinentes,\u00a0\u201cno es un listado nominal impreso, no es el que se va a utilizar todav\u00eda en las casillas, sino que viene en una memoria con informaci\u00f3n muy b\u00e1sica, concretamente las personas que residen en las secciones electorales para que los partidos pol\u00edticos revisen que nadie haya sido incluido o excluido indebidamente del padr\u00f3n o lisa nominal\u201d.<\/p>\n\n\n\n<p>Dijo que los partidos pol\u00edticos tienen hasta el\u00a025 de marzo pr\u00f3ximo para hacer la revisi\u00f3n y observaciones correspondientes, para que el Consejo Genera del INE las revise para posteriormente determinar si proceden o no y por qu\u00e9.<\/p>\n\n\n\n<p>\u201cLa tendr\u00e1n a su alcance para poder revisarla y en su caso hacer observaciones, tienen de fecha hasta el 25 de marzo los partidos pol\u00edticos para hacer observaciones al listado nominal y que INE pueda hacer una revisi\u00f3n a esas observaciones y las que procedan tendr\u00e1n que tomar en cuenta en la lista nominal, las que no, pues simplemente se informar\u00e1 por qu\u00e9 no procedieron\u201d, se\u00f1al\u00f3.<\/p>\n\n\n\n<p>Finalmente se\u00f1al\u00f3 que para el mes de mayo se contar\u00e1 con el padr\u00f3n y lista nominal oficial, avalado por el Consejo General que ser\u00e1 utilizado en la elecci\u00f3n, el cual se distribuir\u00e1 entre los Consejos Distritales un mes antes de la jornada electoral del seis de junio.<\/p>\n","protected":false},"excerpt":{"rendered":"<p>Dar\u00edo Pale Xalapa, Ver.- El Instituto Nacional Electoral (INE), ya realiz\u00f3 la\u00a0entrega de la lista y el padr\u00f3n nominal, para que los partidos pol\u00edticos que participan en la elecci\u00f3n del presente a\u00f1o realicen una revisi\u00f3n del mismo, as\u00ed lo inform\u00f3 el vocal ejecutivo de la junta local\u00a0Josu\u00e9 Cervantes Martinez. En entrevista se\u00f1al\u00f3\u00a0\u201cestamos en la fase [&hellip;]<\/p>\n","protected":false},"author":1,"featured_media":11544,"comment_status":"open","ping_status":"open","sticky":false,"template":"","format":"standard","meta":{"_jetpack_memberships_contains_paid_content":false,"footnotes":""},"categories":[2],"tags":[],"class_list":["post-11543","post","type-post","status-publish","format-standard","has-post-thumbnail","hentry","category-estado"],"jetpack_featured_media_url":"https:\/\/encuentroinformativo.com.mx\/wp-content\/uploads\/2021\/02\/FA8E01D8-62F4-456F-B23B-48FA280CA9B8.jpeg","jetpack_sharing_enabled":true,"jetpack_likes_enabled":true,"amp_enabled":true,"_links":{"self":[{"href":"https:\/\/encuentroinformativo.com.mx\/index.php?rest_route=\/wp\/v2\/posts\/11543","targetHints":{"allow":["GET"]}}],"collection":[{"href":"https:\/\/encuentroinformativo.com.mx\/index.php?rest_route=\/wp\/v2\/posts"}],"about":[{"href":"https:\/\/encuentroinformativo.com.mx\/index.php?rest_route=\/wp\/v2\/types\/post"}],"author":[{"embeddable":true,"href":"https:\/\/encuentroinformativo.com.mx\/index.php?rest_route=\/wp\/v2\/users\/1"}],"replies":[{"embeddable":true,"href":"https:\/\/encuentroinformativo.com.mx\/index.php?rest_route=%2Fwp%2Fv2%2Fcomments&post=11543"}],"version-history":[{"count":1,"href":"https:\/\/encuentroinformativo.com.mx\/index.php?rest_route=\/wp\/v2\/posts\/11543\/revisions"}],"predecessor-version":[{"id":11545,"href":"https:\/\/encuentroinformativo.com.mx\/index.php?rest_route=\/wp\/v2\/posts\/11543\/revisions\/11545"}],"wp:featuredmedia":[{"embeddable":true,"href":"https:\/\/encuentroinformativo.com.mx\/index.php?rest_route=\/wp\/v2\/media\/11544"}],"wp:attachment":[{"href":"https:\/\/encuentroinformativo.com.mx\/index.php?rest_route=%2Fwp%2Fv2%2Fmedia&parent=11543"}],"wp:term":[{"taxonomy":"category","embeddable":true,"href":"https:\/\/encuentroinformativo.com.mx\/index.php?rest_route=%2Fwp%2Fv2%2Fcategories&post=11543"},{"taxonomy":"post_tag","embeddable":true,"href":"https:\/\/encuentroinformativo.com.mx\/index.php?rest_route=%2Fwp%2Fv2%2Ftags&post=11543"}],"curies":[{"name":"wp","href":"https:\/\/api.w.org\/{rel}","templated":true}]}}