{"id":11546,"date":"2021-02-26T17:27:29","date_gmt":"2021-02-26T23:27:29","guid":{"rendered":"https:\/\/encuentroinformativo.com.mx\/?p=11546"},"modified":"2021-02-26T17:27:32","modified_gmt":"2021-02-26T23:27:32","slug":"aumentan-vigilancia-en-zona-de-aeronave-desplomada","status":"publish","type":"post","link":"https:\/\/encuentroinformativo.com.mx\/?p=11546","title":{"rendered":"Aumentan vigilancia en zona de aeronave desplomada"},"content":{"rendered":"\n<p><strong>Juan Arcos <\/strong><\/p>\n\n\n\n<p>Emiliano Zapata, Ver.- Los restos de la aeronave LearJet de la Fuerza A\u00e9rea Mexicana (FAM) a\u00fan no han sido retirados de las parcelas de la localidad El Lencero, municipio de Emiliano Zapata, donde se desplom\u00f3 el pasado domingo 21 de febrero.<br>Durante un recorrido en la zona se constat\u00f3 que una cuadrilla de elementos del Ej\u00e9rcito Mexicano llevan a cabo labores de faena y mantienen custodiado el lugar.<\/p>\n\n\n\n<p>Se trata de unos 30 militares que permanecen entre parcelas de calabaza, cultivos de ca\u00f1a y caminos rurales, a aproximadamente dos kil\u00f3metros de la carretera federal Xalapa-Veracruz.<\/p>\n\n\n\n<p>El avi\u00f3n se mantiene intacto, despu\u00e9s de que fuerzas de tarea de los tres niveles de gobierno apagaran el fuego hace cinco d\u00edas y retiraran los cuerpos de seis elementos de la Secretar\u00eda de la Defensa Nacional (Sedena) que fallecieron en el accidente.<\/p>\n\n\n\n<p>Esto ocurri\u00f3 pocos minutos despu\u00e9s de que despegara del Aeropuerto de El Lencero, una zona conurbada con el municipio de Xalapa.<br>El personal de la Comisi\u00f3n Investigadora y Dictaminadora de Accidentes A\u00e9reos de la Sedena y la Inspecci\u00f3n y Contralor\u00eda General del Ej\u00e9rcito y Fuerza A\u00e9rea contin\u00faan los peritajes para determinar las causas del accidente.<\/p>\n\n\n\n<p>Cabe mencionar que en el accidente murieron el Mayor M\u00e9dico Cirujano, Gumaro Acosta Pe\u00f1a, originario del municipio de Altotonga, Veracruz, quien fue despedido con honores recientemente en el Puerto de Veracruz.<\/p>\n\n\n\n<p>En el avionazo tambi\u00e9n fallecieron el capit\u00e1n primero de sanidad, Gustavo Rosas Valle; el teniente de Infanter\u00eda, Armando Rodr\u00edguez Alfaro; el piloto Aldo Rivas Miranda, capit\u00e1n segundo de la Fuerza \u00c1rea; el copiloto Germ\u00e1n Aboyte Flores, teniente de la Fuerza \u00c1rea; y Juan Mart\u00edn Villapaldo, cuyo grado militar a\u00fan se desconoce.<\/p>\n","protected":false},"excerpt":{"rendered":"<p>Juan Arcos Emiliano Zapata, Ver.- Los restos de la aeronave LearJet de la Fuerza A\u00e9rea Mexicana (FAM) a\u00fan no han sido retirados de las parcelas de la localidad El Lencero, municipio de Emiliano Zapata, donde se desplom\u00f3 el pasado domingo 21 de febrero.Durante un recorrido en la zona se constat\u00f3 que una cuadrilla de elementos [&hellip;]<\/p>\n","protected":false},"author":1,"featured_media":11547,"comment_status":"open","ping_status":"open","sticky":false,"template":"","format":"standard","meta":{"_jetpack_memberships_contains_paid_content":false,"footnotes":""},"categories":[8],"tags":[],"class_list":["post-11546","post","type-post","status-publish","format-standard","has-post-thumbnail","hentry","category-region"],"jetpack_featured_media_url":"https:\/\/encuentroinformativo.com.mx\/wp-content\/uploads\/2021\/02\/4D264296-5679-48ED-BCCB-6FA4BD33EE7A.jpeg","jetpack_sharing_enabled":true,"jetpack_likes_enabled":true,"amp_enabled":true,"_links":{"self":[{"href":"https:\/\/encuentroinformativo.com.mx\/index.php?rest_route=\/wp\/v2\/posts\/11546","targetHints":{"allow":["GET"]}}],"collection":[{"href":"https:\/\/encuentroinformativo.com.mx\/index.php?rest_route=\/wp\/v2\/posts"}],"about":[{"href":"https:\/\/encuentroinformativo.com.mx\/index.php?rest_route=\/wp\/v2\/types\/post"}],"author":[{"embeddable":true,"href":"https:\/\/encuentroinformativo.com.mx\/index.php?rest_route=\/wp\/v2\/users\/1"}],"replies":[{"embeddable":true,"href":"https:\/\/encuentroinformativo.com.mx\/index.php?rest_route=%2Fwp%2Fv2%2Fcomments&post=11546"}],"version-history":[{"count":1,"href":"https:\/\/encuentroinformativo.com.mx\/index.php?rest_route=\/wp\/v2\/posts\/11546\/revisions"}],"predecessor-version":[{"id":11548,"href":"https:\/\/encuentroinformativo.com.mx\/index.php?rest_route=\/wp\/v2\/posts\/11546\/revisions\/11548"}],"wp:featuredmedia":[{"embeddable":true,"href":"https:\/\/encuentroinformativo.com.mx\/index.php?rest_route=\/wp\/v2\/media\/11547"}],"wp:attachment":[{"href":"https:\/\/encuentroinformativo.com.mx\/index.php?rest_route=%2Fwp%2Fv2%2Fmedia&parent=11546"}],"wp:term":[{"taxonomy":"category","embeddable":true,"href":"https:\/\/encuentroinformativo.com.mx\/index.php?rest_route=%2Fwp%2Fv2%2Fcategories&post=11546"},{"taxonomy":"post_tag","embeddable":true,"href":"https:\/\/encuentroinformativo.com.mx\/index.php?rest_route=%2Fwp%2Fv2%2Ftags&post=11546"}],"curies":[{"name":"wp","href":"https:\/\/api.w.org\/{rel}","templated":true}]}}