{"id":11566,"date":"2021-02-27T15:25:08","date_gmt":"2021-02-27T21:25:08","guid":{"rendered":"https:\/\/encuentroinformativo.com.mx\/?p=11566"},"modified":"2021-02-27T15:25:11","modified_gmt":"2021-02-27T21:25:11","slug":"ley-de-la-industria-electrica-traera-consecuencias-graves-anilu-ingram","status":"publish","type":"post","link":"https:\/\/encuentroinformativo.com.mx\/?p=11566","title":{"rendered":"Ley de la Industria El\u00e9ctrica traer\u00e1 consecuencias graves: Anil\u00fa Ingram"},"content":{"rendered":"\n<p><strong>Alejandro \u00c1vila<\/strong><\/p>\n\n\n\n<p>Veracruz, Ver.- Una decisi\u00f3n arbitrar\u00eda, una marcada imposici\u00f3n que, traer\u00e1 como consecuencia graves afectaciones a los mexicanos y severas consecuencias comerciales internacionales a M\u00e9xico, as\u00ed califico la diputada federal Anil\u00fa Ingram Vallines la aprobaci\u00f3n de la Ley de Industria El\u00e9ctrica.<\/p>\n\n\n\n<p>La veracruzana reconoci\u00f3 que durante la semana se vivi\u00f3 en el Congreso Federal una jornada larga, compleja y frustrante a pesar de los esfuerzos de la oposici\u00f3n.<\/p>\n\n\n\n<p>Esta reforma, se\u00f1ala, no solo lastima a la econom\u00eda familiar de los mexicanos, sino denota un claro retroceso como pa\u00eds, ya que los socios comerciales de M\u00e9xico, s\u00ed est\u00e1n apostando por las energ\u00edas limpias y renovables.<\/p>\n\n\n\n<p>En ese sentido, resalt\u00f3 que las decisiones arbitrarias de los legisladores morenistas y la marcada imposici\u00f3n del Gobierno Federal, traer\u00e1n consecuencias graves a M\u00e9xico que, en estos momentos, est\u00e1 violando los tratados internacionales; aunado a ello, esto dar\u00e1 un problema mayor a las familias mexicanas, que ver\u00e1n un incremento del hasta el 30 por ciento en sus recibos de luz el\u00e9ctrica.<\/p>\n\n\n\n<p>\u201cEs muy lamentable este capricho, este retroceso, esta poca empat\u00eda ante esta crisis econ\u00f3mica que estamos viviendo las familias veracruzanas, las familias mexicanas, que ya de por s\u00ed pagamos unos altos costos, incluso por errores de la propia Comisi\u00f3n Federal de Electricidad, que fueron parte de las gestiones que yo he llevado a cabo como diputada federal a lo largo de mi periodo, y ahora con este tema, vaya manera de encajarle el diente a las familias\u201d, remat\u00f3.<\/p>\n\n\n\n<p>\ufffcLibre de virus.&nbsp;www.avg.com<\/p>\n","protected":false},"excerpt":{"rendered":"<p>Alejandro \u00c1vila Veracruz, Ver.- Una decisi\u00f3n arbitrar\u00eda, una marcada imposici\u00f3n que, traer\u00e1 como consecuencia graves afectaciones a los mexicanos y severas consecuencias comerciales internacionales a M\u00e9xico, as\u00ed califico la diputada federal Anil\u00fa Ingram Vallines la aprobaci\u00f3n de la Ley de Industria El\u00e9ctrica. La veracruzana reconoci\u00f3 que durante la semana se vivi\u00f3 en el Congreso Federal [&hellip;]<\/p>\n","protected":false},"author":1,"featured_media":11567,"comment_status":"open","ping_status":"open","sticky":false,"template":"","format":"standard","meta":{"_jetpack_memberships_contains_paid_content":false,"footnotes":""},"categories":[2],"tags":[],"class_list":["post-11566","post","type-post","status-publish","format-standard","has-post-thumbnail","hentry","category-estado"],"jetpack_featured_media_url":"https:\/\/encuentroinformativo.com.mx\/wp-content\/uploads\/2021\/02\/D9A9DFC4-9297-4C2D-A200-4D94CC9637B1.jpeg","jetpack_sharing_enabled":true,"jetpack_likes_enabled":true,"amp_enabled":true,"_links":{"self":[{"href":"https:\/\/encuentroinformativo.com.mx\/index.php?rest_route=\/wp\/v2\/posts\/11566","targetHints":{"allow":["GET"]}}],"collection":[{"href":"https:\/\/encuentroinformativo.com.mx\/index.php?rest_route=\/wp\/v2\/posts"}],"about":[{"href":"https:\/\/encuentroinformativo.com.mx\/index.php?rest_route=\/wp\/v2\/types\/post"}],"author":[{"embeddable":true,"href":"https:\/\/encuentroinformativo.com.mx\/index.php?rest_route=\/wp\/v2\/users\/1"}],"replies":[{"embeddable":true,"href":"https:\/\/encuentroinformativo.com.mx\/index.php?rest_route=%2Fwp%2Fv2%2Fcomments&post=11566"}],"version-history":[{"count":1,"href":"https:\/\/encuentroinformativo.com.mx\/index.php?rest_route=\/wp\/v2\/posts\/11566\/revisions"}],"predecessor-version":[{"id":11568,"href":"https:\/\/encuentroinformativo.com.mx\/index.php?rest_route=\/wp\/v2\/posts\/11566\/revisions\/11568"}],"wp:featuredmedia":[{"embeddable":true,"href":"https:\/\/encuentroinformativo.com.mx\/index.php?rest_route=\/wp\/v2\/media\/11567"}],"wp:attachment":[{"href":"https:\/\/encuentroinformativo.com.mx\/index.php?rest_route=%2Fwp%2Fv2%2Fmedia&parent=11566"}],"wp:term":[{"taxonomy":"category","embeddable":true,"href":"https:\/\/encuentroinformativo.com.mx\/index.php?rest_route=%2Fwp%2Fv2%2Fcategories&post=11566"},{"taxonomy":"post_tag","embeddable":true,"href":"https:\/\/encuentroinformativo.com.mx\/index.php?rest_route=%2Fwp%2Fv2%2Ftags&post=11566"}],"curies":[{"name":"wp","href":"https:\/\/api.w.org\/{rel}","templated":true}]}}