{"id":11569,"date":"2021-02-27T15:39:03","date_gmt":"2021-02-27T21:39:03","guid":{"rendered":"https:\/\/encuentroinformativo.com.mx\/?p=11569"},"modified":"2021-02-27T15:39:12","modified_gmt":"2021-02-27T21:39:12","slug":"dejo-el-cargo-delegada-de-la-sev-en-veracruz-puerto","status":"publish","type":"post","link":"https:\/\/encuentroinformativo.com.mx\/?p=11569","title":{"rendered":"Dej\u00f3 el cargo delegada de la SEV en Veracruz puerto"},"content":{"rendered":"\n<p><strong>Alejandro \u00c1vila<\/strong><\/p>\n\n\n\n<p>Veracruz, Ver.- Este viernes se envi\u00f3 un comunicado oficial a los trabajadores de la Secretar\u00eda de Educaci\u00f3n delegaci\u00f3n Veracruz, donde se inform\u00f3 que Diana Santiago Huesca dejaba el cargo reconociendo que dej\u00f3 varias trabajos sin realizar como se esperaba; de igual manera, se conoce por sus m\u00e1s cercanos que buscar\u00e1 la diputaci\u00f3n federal abanderada por el partido MORENA.<\/p>\n\n\n\n<p>Los problemas entre la delegada y el personal que labora en la SEV Veracruz iniciaron cuando fueron evacuados de la sede en la calle Negrete en Veracruz puerto, para ser trasladados a Boca del R\u00edo, en un edificio ubicado en la calle Camino Real en septiembre del 2019, prometi\u00e9ndoles regresar en m\u00e1ximo un a\u00f1o al edificio original, pero totalmente renovado, pues as\u00ed lo hab\u00eda prometido el secretario de Educaci\u00f3n, Zenyazen Escobar Garc\u00eda; a la fecha la sede en Negrete est\u00e1 totalmente abandonada y a punto de caerse por la falta de mantenimiento.<\/p>\n\n\n\n<p>D\u00edas despu\u00e9s de su arribo al edificio de la calle Camino Real en Boca del R\u00edo, volvieron a existir reclamos de los trabajadores, pues se hizo de su conocimiento que la renta que pagaban era de 50 mil pesos, pero los salones no contaban con aire acondicionado, durante algunos meses tuvieron que cooperar para pagar el servicio de Internet y por si fuera poco, sufrieron en un sismo pues no cuenta el lugar con salidas de emergencia.<\/p>\n\n\n\n<p>Diana Santiago Huesca reconoci\u00f3 en su comunicado de despedida haber tenido fallos y entre los m\u00e1s significativos, reconoci\u00f3 no haber cumplido con el regreso a la sede de la calle Negrete.<\/p>\n\n\n\n<p>\u201cMe voy como delegada, pero eso no quiere decir que me olvido de compromisos asumidos con ustedes, el m\u00e1s importante que regresen a la sede Negrete, no me olvido y tienen mi palabra que regresar\u00e1n a una delegaci\u00f3n renovada\u201d, se lee en el comunicado.<\/p>\n\n\n\n<p>El distrito XII es el que busca lograr ganar en las pr\u00f3ximas elecciones la ex delegada Diana Santiago Huesca, el cual cuenta con dos secciones de Veracruz puerto y abarca adem\u00e1s los municipios de Boca del R\u00edo, Jamapa, Medell\u00edn de Bravo y Manlio Fabio Altamirano; en todos ellos, ha sido donde m\u00e1s fuertemente fue criticada por docentes, directores de planteles educativos y presidentes de Asociaci\u00f3n de Padres de Familia por el nulo apoyo a las escuelas de la zona.<\/p>\n","protected":false},"excerpt":{"rendered":"<p>Alejandro \u00c1vila Veracruz, Ver.- Este viernes se envi\u00f3 un comunicado oficial a los trabajadores de la Secretar\u00eda de Educaci\u00f3n delegaci\u00f3n Veracruz, donde se inform\u00f3 que Diana Santiago Huesca dejaba el cargo reconociendo que dej\u00f3 varias trabajos sin realizar como se esperaba; de igual manera, se conoce por sus m\u00e1s cercanos que buscar\u00e1 la diputaci\u00f3n federal [&hellip;]<\/p>\n","protected":false},"author":1,"featured_media":11570,"comment_status":"open","ping_status":"open","sticky":false,"template":"","format":"standard","meta":{"_jetpack_memberships_contains_paid_content":false,"footnotes":""},"categories":[2],"tags":[],"class_list":["post-11569","post","type-post","status-publish","format-standard","has-post-thumbnail","hentry","category-estado"],"jetpack_featured_media_url":"https:\/\/encuentroinformativo.com.mx\/wp-content\/uploads\/2021\/02\/F113D609-F9FB-45A8-8842-744931E11CB8.jpeg","jetpack_sharing_enabled":true,"jetpack_likes_enabled":true,"amp_enabled":true,"_links":{"self":[{"href":"https:\/\/encuentroinformativo.com.mx\/index.php?rest_route=\/wp\/v2\/posts\/11569","targetHints":{"allow":["GET"]}}],"collection":[{"href":"https:\/\/encuentroinformativo.com.mx\/index.php?rest_route=\/wp\/v2\/posts"}],"about":[{"href":"https:\/\/encuentroinformativo.com.mx\/index.php?rest_route=\/wp\/v2\/types\/post"}],"author":[{"embeddable":true,"href":"https:\/\/encuentroinformativo.com.mx\/index.php?rest_route=\/wp\/v2\/users\/1"}],"replies":[{"embeddable":true,"href":"https:\/\/encuentroinformativo.com.mx\/index.php?rest_route=%2Fwp%2Fv2%2Fcomments&post=11569"}],"version-history":[{"count":1,"href":"https:\/\/encuentroinformativo.com.mx\/index.php?rest_route=\/wp\/v2\/posts\/11569\/revisions"}],"predecessor-version":[{"id":11571,"href":"https:\/\/encuentroinformativo.com.mx\/index.php?rest_route=\/wp\/v2\/posts\/11569\/revisions\/11571"}],"wp:featuredmedia":[{"embeddable":true,"href":"https:\/\/encuentroinformativo.com.mx\/index.php?rest_route=\/wp\/v2\/media\/11570"}],"wp:attachment":[{"href":"https:\/\/encuentroinformativo.com.mx\/index.php?rest_route=%2Fwp%2Fv2%2Fmedia&parent=11569"}],"wp:term":[{"taxonomy":"category","embeddable":true,"href":"https:\/\/encuentroinformativo.com.mx\/index.php?rest_route=%2Fwp%2Fv2%2Fcategories&post=11569"},{"taxonomy":"post_tag","embeddable":true,"href":"https:\/\/encuentroinformativo.com.mx\/index.php?rest_route=%2Fwp%2Fv2%2Ftags&post=11569"}],"curies":[{"name":"wp","href":"https:\/\/api.w.org\/{rel}","templated":true}]}}