{"id":11572,"date":"2021-02-27T16:19:37","date_gmt":"2021-02-27T22:19:37","guid":{"rendered":"https:\/\/encuentroinformativo.com.mx\/?p=11572"},"modified":"2021-02-27T16:20:07","modified_gmt":"2021-02-27T22:20:07","slug":"realizan-caravana-con-causa-a-favor-de-ninos-con-cancer","status":"publish","type":"post","link":"https:\/\/encuentroinformativo.com.mx\/?p=11572","title":{"rendered":"Realizan Caravana con causa a favor de ni\u00f1os con c\u00e1ncer"},"content":{"rendered":"\n<p><strong>Dar\u00edo Pale <\/strong><\/p>\n\n\n\n<p>Xalapa, Ver.- En el marco del\u00a0D\u00eda Internacional de la Lucha contra el C\u00e1ncer Infantil, la Fundaci\u00f3n <em>Lepach<\/em> realiz\u00f3 una caravana con causa que concluy\u00f3 en la escuela Secundaria T\u00e9cnica 3, en la avenida \u00c1vila Camacho, donde se instal\u00f3 un centro de acopio de suplementos alimenticios, pa\u00f1ales y leche en polvo.<\/p>\n\n\n\n<p>Entrevistada previo a la caravana, la\u00a0Presidenta de la Fundaci\u00f3n Lepach, Elia Mar\u00eda Beltr\u00e1n Coronel refiri\u00f3 que debido a la pandemia, las donaciones de estos insumos no pueden realizarse directamente en el Centro Estatal de Cancerolog\u00eda (CECAN) como anteriormente se hac\u00eda, por lo que se apoyaron de algunas empresas como la agencia de autos Seat, ubicada a un costado de la plaza comercial Am\u00e9ricas y en las sucursales de la est\u00e9tica Peinado Express.<\/p>\n\n\n\n<p>\u201cEstamos pidiendo pa\u00f1ales de ni\u00f1o, talla extra grande, pa\u00f1ales de adulto estilo s\u00e1bana, botes de leche en polvo se sugiere que sea Nido, puede ser Nido normal y deslactosada y los suplementos alimenticios\u201d, se\u00f1al\u00f3.<\/p>\n\n\n\n<p>Mar\u00eda Fernanda Garc\u00eda Beltr\u00e1n, del voluntariado juvenil de esta fudaci\u00f3n destac\u00f3 que adapt\u00e1ndose a la nueva normalidad, se realizan los eventos, ya que por la pandemia aumentaron las necesidades de los ni\u00f1os y sus familiares.<\/p>\n\n\n\n<p>Finalmente se\u00f1alaron que de igual forma se sigue recibiendo la donaci\u00f3n de cabello, que debe estar limpio y trenzado, las\u00a0\u00a0donaciones se recibir\u00e1n durante marzo en estos centros de acopio.<\/p>\n","protected":false},"excerpt":{"rendered":"<p>Dar\u00edo Pale Xalapa, Ver.- En el marco del\u00a0D\u00eda Internacional de la Lucha contra el C\u00e1ncer Infantil, la Fundaci\u00f3n Lepach realiz\u00f3 una caravana con causa que concluy\u00f3 en la escuela Secundaria T\u00e9cnica 3, en la avenida \u00c1vila Camacho, donde se instal\u00f3 un centro de acopio de suplementos alimenticios, pa\u00f1ales y leche en polvo. Entrevistada previo a [&hellip;]<\/p>\n","protected":false},"author":1,"featured_media":11573,"comment_status":"open","ping_status":"open","sticky":false,"template":"","format":"standard","meta":{"_jetpack_memberships_contains_paid_content":false,"footnotes":""},"categories":[3],"tags":[],"class_list":["post-11572","post","type-post","status-publish","format-standard","has-post-thumbnail","hentry","category-xalapa"],"jetpack_featured_media_url":"https:\/\/encuentroinformativo.com.mx\/wp-content\/uploads\/2021\/02\/94E1C8E8-52E0-48DB-96F3-0A234B3919D6.jpeg","jetpack_sharing_enabled":true,"jetpack_likes_enabled":true,"amp_enabled":true,"_links":{"self":[{"href":"https:\/\/encuentroinformativo.com.mx\/index.php?rest_route=\/wp\/v2\/posts\/11572","targetHints":{"allow":["GET"]}}],"collection":[{"href":"https:\/\/encuentroinformativo.com.mx\/index.php?rest_route=\/wp\/v2\/posts"}],"about":[{"href":"https:\/\/encuentroinformativo.com.mx\/index.php?rest_route=\/wp\/v2\/types\/post"}],"author":[{"embeddable":true,"href":"https:\/\/encuentroinformativo.com.mx\/index.php?rest_route=\/wp\/v2\/users\/1"}],"replies":[{"embeddable":true,"href":"https:\/\/encuentroinformativo.com.mx\/index.php?rest_route=%2Fwp%2Fv2%2Fcomments&post=11572"}],"version-history":[{"count":1,"href":"https:\/\/encuentroinformativo.com.mx\/index.php?rest_route=\/wp\/v2\/posts\/11572\/revisions"}],"predecessor-version":[{"id":11574,"href":"https:\/\/encuentroinformativo.com.mx\/index.php?rest_route=\/wp\/v2\/posts\/11572\/revisions\/11574"}],"wp:featuredmedia":[{"embeddable":true,"href":"https:\/\/encuentroinformativo.com.mx\/index.php?rest_route=\/wp\/v2\/media\/11573"}],"wp:attachment":[{"href":"https:\/\/encuentroinformativo.com.mx\/index.php?rest_route=%2Fwp%2Fv2%2Fmedia&parent=11572"}],"wp:term":[{"taxonomy":"category","embeddable":true,"href":"https:\/\/encuentroinformativo.com.mx\/index.php?rest_route=%2Fwp%2Fv2%2Fcategories&post=11572"},{"taxonomy":"post_tag","embeddable":true,"href":"https:\/\/encuentroinformativo.com.mx\/index.php?rest_route=%2Fwp%2Fv2%2Ftags&post=11572"}],"curies":[{"name":"wp","href":"https:\/\/api.w.org\/{rel}","templated":true}]}}