{"id":1158,"date":"2020-03-22T11:51:49","date_gmt":"2020-03-22T17:51:49","guid":{"rendered":"https:\/\/encuentroinformativo.com\/?p=1158"},"modified":"2020-03-22T11:51:51","modified_gmt":"2020-03-22T17:51:51","slug":"llama-ramirez-cuellar-a-la-unidad-en-veracruz","status":"publish","type":"post","link":"https:\/\/encuentroinformativo.com.mx\/?p=1158","title":{"rendered":"Llama Ram\u00edrez  Cuellar a la unidad en Veracruz"},"content":{"rendered":"\n<p><strong>Redacci\u00f3n<\/strong> <\/p>\n\n\n\n<p>Xalapa, Ver.- En una reuni\u00f3n privada el Dirigente Nacional  de MORENA, Alfonso Ram\u00edrez Cuellar hizo un urgente llamado a cerrar filas para lograr el consenso para la elecci\u00f3n de la estructura de delegados.<\/p>\n\n\n\n<p>En dicha reuni\u00f3n estuvieron presentes consejeros,  Senadores, Diputados Federales y Locales  de MORENA, asisti\u00f3 el Diputado Carlos Jim\u00e9nez D\u00edaz \u201cEl Potrillo\u201d  como representante del VIII distrito.<\/p>\n\n\n\n<p>Durante la asamblea se determin\u00f3,  que los delegados electos en 2015 y los nuevos delegados de 2019, ser\u00e1n los encargados de representar en cada distrito a los militantes de MORENA.<\/p>\n\n\n\n<p>De esta manera se evitar\u00e1 una nueva elecci\u00f3n de Delegados que solo representa un desgaste y divisi\u00f3n al interior del partido. <\/p>\n\n\n\n<p>Despu\u00e9s de que pase la contingencia de salud que enfrenta el Pa\u00eds, Veracruz  ya no ser\u00e1 el mismo, dijo Ram\u00edrez Cuellar,  tambi\u00e9n  llam\u00f3 a los militantes a  la humildad y unidad para sacar adelante todo el trabajo que viene por delante.<\/p>\n\n\n\n<p>La comisi\u00f3n que asistir\u00e1 a la asamblea nacional estar\u00e1 conformada por, Esteban Ram\u00edrez, Enrique Villegas, el Diputado federal, Marco Antonio Medina P\u00e9rez, as\u00ed como los legisladores locales, Jos\u00e9 Magdaleno Rosales y Juan Javier G\u00f3mez Cazarin<\/p>\n","protected":false},"excerpt":{"rendered":"<p>Redacci\u00f3n Xalapa, Ver.- En una reuni\u00f3n privada el Dirigente Nacional de MORENA, Alfonso Ram\u00edrez Cuellar hizo un urgente llamado a cerrar filas para lograr el consenso para la elecci\u00f3n de la estructura de delegados. En dicha reuni\u00f3n estuvieron presentes consejeros, Senadores, Diputados Federales y Locales de MORENA, asisti\u00f3 el Diputado Carlos Jim\u00e9nez D\u00edaz \u201cEl Potrillo\u201d [&hellip;]<\/p>\n","protected":false},"author":1,"featured_media":1159,"comment_status":"open","ping_status":"open","sticky":false,"template":"","format":"standard","meta":{"_jetpack_memberships_contains_paid_content":false,"footnotes":""},"categories":[2],"tags":[],"class_list":["post-1158","post","type-post","status-publish","format-standard","has-post-thumbnail","hentry","category-estado"],"jetpack_featured_media_url":"https:\/\/encuentroinformativo.com.mx\/wp-content\/uploads\/2020\/03\/2650776B-F404-49AE-BFDA-F633A6A92D24.jpeg","jetpack_sharing_enabled":true,"jetpack_likes_enabled":true,"amp_enabled":true,"_links":{"self":[{"href":"https:\/\/encuentroinformativo.com.mx\/index.php?rest_route=\/wp\/v2\/posts\/1158","targetHints":{"allow":["GET"]}}],"collection":[{"href":"https:\/\/encuentroinformativo.com.mx\/index.php?rest_route=\/wp\/v2\/posts"}],"about":[{"href":"https:\/\/encuentroinformativo.com.mx\/index.php?rest_route=\/wp\/v2\/types\/post"}],"author":[{"embeddable":true,"href":"https:\/\/encuentroinformativo.com.mx\/index.php?rest_route=\/wp\/v2\/users\/1"}],"replies":[{"embeddable":true,"href":"https:\/\/encuentroinformativo.com.mx\/index.php?rest_route=%2Fwp%2Fv2%2Fcomments&post=1158"}],"version-history":[{"count":1,"href":"https:\/\/encuentroinformativo.com.mx\/index.php?rest_route=\/wp\/v2\/posts\/1158\/revisions"}],"predecessor-version":[{"id":1160,"href":"https:\/\/encuentroinformativo.com.mx\/index.php?rest_route=\/wp\/v2\/posts\/1158\/revisions\/1160"}],"wp:featuredmedia":[{"embeddable":true,"href":"https:\/\/encuentroinformativo.com.mx\/index.php?rest_route=\/wp\/v2\/media\/1159"}],"wp:attachment":[{"href":"https:\/\/encuentroinformativo.com.mx\/index.php?rest_route=%2Fwp%2Fv2%2Fmedia&parent=1158"}],"wp:term":[{"taxonomy":"category","embeddable":true,"href":"https:\/\/encuentroinformativo.com.mx\/index.php?rest_route=%2Fwp%2Fv2%2Fcategories&post=1158"},{"taxonomy":"post_tag","embeddable":true,"href":"https:\/\/encuentroinformativo.com.mx\/index.php?rest_route=%2Fwp%2Fv2%2Ftags&post=1158"}],"curies":[{"name":"wp","href":"https:\/\/api.w.org\/{rel}","templated":true}]}}