{"id":11584,"date":"2021-02-28T15:52:40","date_gmt":"2021-02-28T21:52:40","guid":{"rendered":"https:\/\/encuentroinformativo.com.mx\/?p=11584"},"modified":"2021-02-28T15:52:43","modified_gmt":"2021-02-28T21:52:43","slug":"continua-siembra-de-arboles-en-memoria-de-personas-desaparecidas","status":"publish","type":"post","link":"https:\/\/encuentroinformativo.com.mx\/?p=11584","title":{"rendered":"Contin\u00faa siembra de \u00e1rboles en memoria de personas desaparecidas"},"content":{"rendered":"\n<p><strong>Juan Arcos <\/strong><\/p>\n\n\n\n<p>Xalapa, Ver.- La siembra de \u00e1rboles en memoria de personas desaparecidas continu\u00f3 en la capital de Veracruz durante este domingo 28 de febrero, como parte de una protesta pac\u00edfica que busca sensibilizar a la poblaci\u00f3n sobre la grave problem\u00e1tica social que enfrentan miles de familias.<\/p>\n\n\n\n<p>Se trata del proyecto &#8220;Toda Vida Vale\u201d, mismo que fue replicado en el Cerro de Macuilt\u00e9petl, uno de los principales pulmones de la zona norte de la ciudad, donde fueron enterradas las ra\u00edces de 14 encinos.<\/p>\n\n\n\n<p>Los familiares de los desaparecidos acudieron al parque ecol\u00f3gico para escarbar, hacer la siembra e instalar las placas que contienen el nombre y dem\u00e1s datos de las personas que desaparecieron en Xalapa y la regi\u00f3n.<\/p>\n\n\n\n<p>De acuerdo con Alma Carmona, fundadora del proyecto social-ecol\u00f3gico, se busca sembrar vida, recordar a la gente no localizada y crear consciencia sobre el sufrimiento de las familias que han vivido la desaparici\u00f3n de sus seres queridos.<\/p>\n\n\n\n<p>Por su parte, Sara G\u00f3nzalez Rodr\u00edguez, quien busca a su hijo Ivanhoe Mass Gonz\u00e1lez, desaparecido desde el 14 de marzo de 2010 en el puerto de Veracruz, indic\u00f3 que tambi\u00e9n se trata de acciones para intensificar la b\u00fasqueda.<\/p>\n\n\n\n<p>\u201cEstamos exigi\u00e9ndole al gobierno que nos d\u00e9 una respuesta positiva o negativa, la que sea, en un principio dec\u00edamos: yo quiero a mi hijo vivo, no, ahorita como sea, pero que nos los entreguen para que les demos lo que merecen, si ya est\u00e1n sin vida no merecen estar en un hoyo cualquiera\u201d, expres\u00f3.<\/p>\n\n\n\n<p>Record\u00f3 que es \u201chorrible\u201d pensar y preguntarse todos los d\u00edas qu\u00e9 pudo haber pasado con su hijo, despu\u00e9s de casi 11 a\u00f1os como desaparecido, sin que la Fiscal\u00eda General del Estado (FGE) presente avances en las investigaciones.<\/p>\n\n\n\n<p>\u201cEs horrible vivir pensando qu\u00e9 pasar\u00eda con mi hijo, ella pensando qu\u00e9 pasar\u00eda con su esposo y as\u00ed los compa\u00f1eras, los hijos, los hermanos, todos estamos en esa misma condici\u00f3n y desgraciadamente tampoco hay ese apoyo solidario, donde las familias requieren atenci\u00f3n m\u00e9dica y no la hay, salen con tonter\u00edas de que esa enfermedad no es consecuencia de la desaparici\u00f3n, en qu\u00e9 se especializan los m\u00e9dicos para decir eso\u201d, enfatiz\u00f3.<\/p>\n\n\n\n<p>A su parecer, contin\u00faan registr\u00e1ndose desapariciones de personas en la entidad veracruzana y, por ello, es necesario visibilizar el problema, tambi\u00e9n para alertar a la poblaci\u00f3n y motivarla a que aumente las medidas de prevenci\u00f3n.<\/p>\n\n\n\n<p>\u201cEsta es una magn\u00edfica idea, aqu\u00ed que pasa mucha gente haciendo ejercicio, va a ver ese arbolito con una placa y va a decir: est\u00e1 desaparecido, mentira que esto ha bajado, desgraciadamente va a haber m\u00e1s \u00e1rboles con las placas\u201d, refiri\u00f3 Sara Gonz\u00e1lez.<\/p>\n\n\n\n<p>El pasado domingo 22 de febrero, las madres de desaparecidos sembraron 15 \u00e1rboles en el parque \u201cLos Pinos\u201d, tambi\u00e9n en Xalapa, para participar en el proyecto \u201cToda Vida Vale\u201d.<\/p>\n\n\n\n<p>Adem\u00e1s, se busca replicar estas acciones en otros municipios y estados de la Rep\u00fablica Mexicana.<\/p>\n","protected":false},"excerpt":{"rendered":"<p>Juan Arcos Xalapa, Ver.- La siembra de \u00e1rboles en memoria de personas desaparecidas continu\u00f3 en la capital de Veracruz durante este domingo 28 de febrero, como parte de una protesta pac\u00edfica que busca sensibilizar a la poblaci\u00f3n sobre la grave problem\u00e1tica social que enfrentan miles de familias. Se trata del proyecto &#8220;Toda Vida Vale\u201d, mismo [&hellip;]<\/p>\n","protected":false},"author":1,"featured_media":11585,"comment_status":"open","ping_status":"open","sticky":false,"template":"","format":"standard","meta":{"_jetpack_memberships_contains_paid_content":false,"footnotes":""},"categories":[3],"tags":[],"class_list":["post-11584","post","type-post","status-publish","format-standard","has-post-thumbnail","hentry","category-xalapa"],"jetpack_featured_media_url":"https:\/\/encuentroinformativo.com.mx\/wp-content\/uploads\/2021\/02\/0ACE10AD-56D5-4857-8F94-B50822FA5DCA.jpeg","jetpack_sharing_enabled":true,"jetpack_likes_enabled":true,"amp_enabled":true,"_links":{"self":[{"href":"https:\/\/encuentroinformativo.com.mx\/index.php?rest_route=\/wp\/v2\/posts\/11584","targetHints":{"allow":["GET"]}}],"collection":[{"href":"https:\/\/encuentroinformativo.com.mx\/index.php?rest_route=\/wp\/v2\/posts"}],"about":[{"href":"https:\/\/encuentroinformativo.com.mx\/index.php?rest_route=\/wp\/v2\/types\/post"}],"author":[{"embeddable":true,"href":"https:\/\/encuentroinformativo.com.mx\/index.php?rest_route=\/wp\/v2\/users\/1"}],"replies":[{"embeddable":true,"href":"https:\/\/encuentroinformativo.com.mx\/index.php?rest_route=%2Fwp%2Fv2%2Fcomments&post=11584"}],"version-history":[{"count":1,"href":"https:\/\/encuentroinformativo.com.mx\/index.php?rest_route=\/wp\/v2\/posts\/11584\/revisions"}],"predecessor-version":[{"id":11586,"href":"https:\/\/encuentroinformativo.com.mx\/index.php?rest_route=\/wp\/v2\/posts\/11584\/revisions\/11586"}],"wp:featuredmedia":[{"embeddable":true,"href":"https:\/\/encuentroinformativo.com.mx\/index.php?rest_route=\/wp\/v2\/media\/11585"}],"wp:attachment":[{"href":"https:\/\/encuentroinformativo.com.mx\/index.php?rest_route=%2Fwp%2Fv2%2Fmedia&parent=11584"}],"wp:term":[{"taxonomy":"category","embeddable":true,"href":"https:\/\/encuentroinformativo.com.mx\/index.php?rest_route=%2Fwp%2Fv2%2Fcategories&post=11584"},{"taxonomy":"post_tag","embeddable":true,"href":"https:\/\/encuentroinformativo.com.mx\/index.php?rest_route=%2Fwp%2Fv2%2Ftags&post=11584"}],"curies":[{"name":"wp","href":"https:\/\/api.w.org\/{rel}","templated":true}]}}