{"id":11592,"date":"2021-03-01T09:26:53","date_gmt":"2021-03-01T15:26:53","guid":{"rendered":"https:\/\/encuentroinformativo.com.mx\/?p=11592"},"modified":"2021-03-01T09:26:56","modified_gmt":"2021-03-01T15:26:56","slug":"multa-por-no-usar-cubrebocas","status":"publish","type":"post","link":"https:\/\/encuentroinformativo.com.mx\/?p=11592","title":{"rendered":"Multa por no usar cubrebocas"},"content":{"rendered":"\n<p><strong>Los Pol\u00edticos<\/strong><\/p>\n\n\n\n<p><strong>Salvador Mu\u00f1oz<\/strong><\/p>\n\n\n\n<p>Estamos a punto de cumplir un a\u00f1o de las restricciones, protocolos o \u201cnueva normalidad\u201d que nos trajo la pandemia. Durante este lapso, no recuerdo si le coment\u00e9 o me qued\u00e9 con las ganas de dec\u00edrselo a H\u00e9ctor Yunes Landa, que hab\u00eda generado en m\u00ed una especie de zozobra cada vez que me llegaba alguna de sus notificaciones, fuera por Whatsapp o Twitter, porque hubo un momento en que la mayor\u00eda eran para dar el p\u00e9same por amigos suyos o mutuos que en un alto porcentaje, fueron v\u00edctimas del Covid-19.<\/p>\n\n\n\n<p>Al inicio de este evento de emergencia sanitaria, percib\u00eda en mis manos una sensaci\u00f3n rara de tanto gel que al paso del tiempo, se perdi\u00f3\u2026 o me acostumbr\u00e9\u2026 \u00bfo perd\u00ed sensibilidad en mis manos?<\/p>\n\n\n\n<p>Al cubrebocas agregamos la careta dos veces por semana, que es cuando vamos a hacer la despensa. Por razones de tiempo, hacemos un d\u00eda, una en el centro comercial y otro, en el mercado. En el mercado aplicamos un aditamento m\u00e1s: guantes.<\/p>\n\n\n\n<p>S\u00ed, durante este a\u00f1o, hemos visto gente a la que sencillamente le vale madres el uso de lo m\u00e1s m\u00ednimo para su cuidado y el cuidado de los dem\u00e1s. Antes, nos daba coraje, nos molestaba verla en la calle como si nada. Hoy entendemos que tenemos de dos sopas ante ellos: evitar su proximidad con el cl\u00e1sico \u201cSana Distancia\u201d con un poco m\u00e1s de amplitud; y la tolerancia.<\/p>\n\n\n\n<p>No digo \u201cRespeto\u201d en lugar de \u201cTolerancia\u201d porque debido a la situaci\u00f3n, no se trata de posicionamientos ideol\u00f3gicos o de criterios, sino de salud. Entonces, tolero a la gente que se cruza en mi camino sin un cubrebocas aunque no respeto su decisi\u00f3n.<\/p>\n\n\n\n<p>Hace unos d\u00edas, la fracci\u00f3n legislativa del PRI-PVEM propuso sancionar al ciudadano que no use cubrebocas con multas econ\u00f3micas y trabajo comunitario, entre otras cosas. Incluso, se dijo que hasta la multa podr\u00eda ir en funci\u00f3n del sapo\u2026 s\u00ed, porque se contempla que en caso de que el ciudadano sin cubrebocas sea obrero, jornalero, la multa no podr\u00e1 ser mayor de un d\u00eda de salario; en el caso de trabajadores no asalariados, \u00e9sta no podr\u00e1 ser superior al monto de un d\u00eda de su ingreso.<\/p>\n\n\n\n<p>La iniciativa tiene el objetivo de contribuir a disminuir los casos de contagio, en donde Veracruz ocupa el s\u00e9ptimo lugar nacional con casi 8 mil fallecimientos y m\u00e1s de 54 mil casos confirmados, de acuerdo a datos.<\/p>\n\n\n\n<p>A simple vista, la propuesta es bien intencionada pero con un poco del dicho que reza \u201cla letra, con sangre entra\u201d, que es tan igual al que te tiene que doler en el bolsillo para que lo entiendas. En otras palabras, la sanci\u00f3n es la ausencia de educaci\u00f3n, y si no hay educaci\u00f3n, hay fracaso social y por ende, hasta de un Gobierno enfundado en fuerzas morales y estampitas, donde s\u00f3lo se enferman los corruptos, mentirosos y hasta los ricos\u2026<\/p>\n\n\n\n<p>Hay quienes aplauden esta iniciativa, en especial los que usan cubrebocas, porque de cierto modo consideran justo que se castigue a quien no se cuida; desconozco el sentir de quienes no usen cubrebocas con respecto a la postura de los diputados del PRI-PVEM pero s\u00ed s\u00e9 el sentir sobre las sanciones y\/o impuestos en la sociedad: rechazo.<\/p>\n\n\n\n<p>\u00a1Ojo! porque la posici\u00f3n de este grupo legislativo PRI-PVEM es totalmente ajena a la del partido tricolor, que desde a finales de enero del a\u00f1o pasado a la fecha, se mantiene en la postura de exhortar, s\u00ed, exhortar a los veracruzanos a cuidarse atendiendo los protocolos que Salud demanda\u2026 lo de las multas, todo indica que es un asunto de los diputados.<\/p>\n\n\n\n<p>Insisto\u2026 si bien no se deja de ver buena intenci\u00f3n en la fracci\u00f3n legislativa, se deber\u00eda de contemplar los escenarios con respecto a la gente que no usa cubrebocas para entender sus motivos: \u00bffalta de educaci\u00f3n o empat\u00eda? \u00bffalta de ingresos? \u00bfproblemas de salud?<\/p>\n\n\n\n<p>Vuelvo al inicio de esta columna\u2026 vamos a cumplir un a\u00f1o de restricciones, protocolos o \u201cnueva normalidad\u201d que nos trajo la pandemia\u2026 si la propuesta de esta fracci\u00f3n legislativa contempla sanciones \u201cespeciales\u201d para obreros, empleados o trabajadores no asalariados, es porque de cierto modo entienden su econom\u00eda\u2026 entienden que con la pandemia hay mayores gastos de luz, de agua; quiz\u00e1s hasta en equipo tecnol\u00f3gico y s\u00ed, est\u00e1 la familia que se aplica, invierte su salario en gel, cubrebocas, caretas, pero si no le alcanza\u2026 si prefiere pagar cada semana el paguito por la compu, el alimento, el pago del agua con el extra que te clava CMAS\u2026 \u00bfqu\u00e9 hacer?<\/p>\n\n\n\n<p>\u00bfNo ser\u00eda mejor que antes de pensar en sancionar, nuestras autoridades (sean estatales, municipales, federales, o legislativas) doten de cubrebocas y gel gratuitos en centros de aglomeraci\u00f3n? Digo, si igual se invierte en vacunas, \u00bfpor qu\u00e9 no en estos aditamentos sanitarios? Adem\u00e1s, pensar en un castigo, multa o sanci\u00f3n en \u00e9poca electoral, es un indicativo de que estos diputados no tienen cabida en el proceso electoral que est\u00e1 en marcha\u2026 o de plano se preocupan mucho por la salud de los veracruzanos&#8230;&nbsp;<\/p>\n\n\n\n<p><a>smcainito@gmail.com<\/a><\/p>\n","protected":false},"excerpt":{"rendered":"<p>Los Pol\u00edticos Salvador Mu\u00f1oz Estamos a punto de cumplir un a\u00f1o de las restricciones, protocolos o \u201cnueva normalidad\u201d que nos trajo la pandemia. Durante este lapso, no recuerdo si le coment\u00e9 o me qued\u00e9 con las ganas de dec\u00edrselo a H\u00e9ctor Yunes Landa, que hab\u00eda generado en m\u00ed una especie de zozobra cada vez que [&hellip;]<\/p>\n","protected":false},"author":1,"featured_media":70,"comment_status":"open","ping_status":"open","sticky":false,"template":"","format":"standard","meta":{"_jetpack_memberships_contains_paid_content":false,"footnotes":""},"categories":[11],"tags":[],"class_list":["post-11592","post","type-post","status-publish","format-standard","has-post-thumbnail","hentry","category-opinion"],"jetpack_featured_media_url":"https:\/\/encuentroinformativo.com.mx\/wp-content\/uploads\/2020\/02\/opinion-invitado.jpg","jetpack_sharing_enabled":true,"jetpack_likes_enabled":true,"amp_enabled":true,"_links":{"self":[{"href":"https:\/\/encuentroinformativo.com.mx\/index.php?rest_route=\/wp\/v2\/posts\/11592","targetHints":{"allow":["GET"]}}],"collection":[{"href":"https:\/\/encuentroinformativo.com.mx\/index.php?rest_route=\/wp\/v2\/posts"}],"about":[{"href":"https:\/\/encuentroinformativo.com.mx\/index.php?rest_route=\/wp\/v2\/types\/post"}],"author":[{"embeddable":true,"href":"https:\/\/encuentroinformativo.com.mx\/index.php?rest_route=\/wp\/v2\/users\/1"}],"replies":[{"embeddable":true,"href":"https:\/\/encuentroinformativo.com.mx\/index.php?rest_route=%2Fwp%2Fv2%2Fcomments&post=11592"}],"version-history":[{"count":1,"href":"https:\/\/encuentroinformativo.com.mx\/index.php?rest_route=\/wp\/v2\/posts\/11592\/revisions"}],"predecessor-version":[{"id":11593,"href":"https:\/\/encuentroinformativo.com.mx\/index.php?rest_route=\/wp\/v2\/posts\/11592\/revisions\/11593"}],"wp:featuredmedia":[{"embeddable":true,"href":"https:\/\/encuentroinformativo.com.mx\/index.php?rest_route=\/wp\/v2\/media\/70"}],"wp:attachment":[{"href":"https:\/\/encuentroinformativo.com.mx\/index.php?rest_route=%2Fwp%2Fv2%2Fmedia&parent=11592"}],"wp:term":[{"taxonomy":"category","embeddable":true,"href":"https:\/\/encuentroinformativo.com.mx\/index.php?rest_route=%2Fwp%2Fv2%2Fcategories&post=11592"},{"taxonomy":"post_tag","embeddable":true,"href":"https:\/\/encuentroinformativo.com.mx\/index.php?rest_route=%2Fwp%2Fv2%2Ftags&post=11592"}],"curies":[{"name":"wp","href":"https:\/\/api.w.org\/{rel}","templated":true}]}}