{"id":11596,"date":"2021-03-01T11:59:40","date_gmt":"2021-03-01T17:59:40","guid":{"rendered":"https:\/\/encuentroinformativo.com.mx\/?p=11596"},"modified":"2021-03-01T11:59:42","modified_gmt":"2021-03-01T17:59:42","slug":"familiares-de-sandra-giraldi-llevan-protesta-al-poder-judicial","status":"publish","type":"post","link":"https:\/\/encuentroinformativo.com.mx\/?p=11596","title":{"rendered":"Familiares de Sandra Giraldi llevan protesta al Poder Judicial"},"content":{"rendered":"\n<p><strong>*Reclaman la liberaci\u00f3n del presunto responsable en la desaparici\u00f3n de la joven.<\/strong><\/p>\n\n\n\n<p><strong>Juan Arcos <\/strong><\/p>\n\n\n\n<p>Xalapa, Ver.- Familiares de Sandra Jennyfer Giraldi Hern\u00e1ndez, quien desapareci\u00f3 el 14 de septiembre de 2012 en la ciudad de Xalapa, protestaron afuera de la sede del Poder Judicial del Estado de Veracruz por presuntas anomal\u00edas en la investigaci\u00f3n en las instancias de impartici\u00f3n y procuraci\u00f3n de justicia.<\/p>\n\n\n\n<p>Graciela Hern\u00e1ndez, madre de la joven que ten\u00eda 23 a\u00f1os cuando desapareci\u00f3, denunci\u00f3 que la persona que fue arrestada y vinculada a la desaparici\u00f3n de su hija qued\u00f3 en libertad durante el domingo 28 de febrero.<\/p>\n\n\n\n<p>\u201cLa inconformidad es porque despu\u00e9s de nueve a\u00f1os de b\u00fasqueda y de caminar de sol a sol y de lluvia a lluvia resulta que el principal sospechoso, a quien se\u00f1alo en una carpeta de investigaci\u00f3n a Jos\u00e9 Antonio como el que desapareci\u00f3 a mi hija (qued\u00f3 en libertad). Yo s\u00ed sab\u00eda qui\u00e9n se hab\u00eda llevado a mi hija\u201d.\u00a0<\/p>\n\n\n\n<p>Se trata de Jos\u00e9 Antonio \u201cN\u201d, alias \u201cEl Tigre\u201d, quien hab\u00eda sido detenido el pasado s\u00e1bado 27 de febrero y puesto a disposici\u00f3n de un juez de Control en el penal de Pacho Viejo, municipio de Coatepec.\u00a0<br>La se\u00f1ora indic\u00f3 que el sujeto se\u00f1alado, quien se desempe\u00f1aba como taxista, se llev\u00f3 a su hija con direcci\u00f3n al municipio de Coatepec y, posteriormente, ya no se supo m\u00e1s de ella.<\/p>\n\n\n\n<p>\u201cNo es justo. Lo liberaron, estuvo en Pacho Viejo nada m\u00e1s unas horas, busc\u00f3 una fianza y se la otorg\u00f3 un juez o una jueza. Era taxista en Coatepec en el a\u00f1o 2012, es un delincuente y no puede estar libre porque hay una orden aprehensi\u00f3n\u201d.<\/p>\n\n\n\n<p>Do\u00f1a Graciela indic\u00f3 que personal de la Fiscal\u00eda General del Estado (FGE) le argument\u00f3 que al tratarse de un caso iniciado en el sistema penal anterior no puede ser procesado por el delito de desaparici\u00f3n forzada, sino por privaci\u00f3n de la libertad.<\/p>\n\n\n\n<p>\u201cYo quiero a mi hija y quiero que hable, que diga que hizo con Sandra, porque no voy a dejar de exigir su presentaci\u00f3n con vida\u201d, enfatiz\u00f3 afuera del Tribunal Superior de Justicia del Estado de Veracruz.<\/p>\n\n\n\n<p>Integrantes de diversos colectivos de familiares de desaparecidos colocaron lonas y pancartas sobre la reja de acceso y la valla perimetral de los juzgados.<\/p>\n\n\n\n<p>\u201cMagistrada Isabel In\u00e9s Romero Cruz. Necesitamos ser escuchadas, exigimos justicia para Sandra Jennyfer&#8221;, se le\u00eda en algunos de los mensajes.<\/p>\n\n\n\n<p>Cabe mencionar que la noche del domingo, los familiares de Sandra protestaron y bloquearon la avenida Adolfo Ruiz Cortines, a la altura de las oficinas de la Fiscal\u00eda General de la Rep\u00fablica (FGR), para solicitar la intervenci\u00f3n de autoridades federales en el caso.<\/p>\n\n\n\n<figure class=\"wp-block-image size-large\"><img loading=\"lazy\" decoding=\"async\" width=\"1024\" height=\"768\" src=\"https:\/\/encuentroinformativo.com.mx\/wp-content\/uploads\/2021\/03\/CF378BC5-0418-4AF0-A0ED-3AB88D04C4D4-1024x768.jpeg\" alt=\"\" class=\"wp-image-11598\" srcset=\"https:\/\/encuentroinformativo.com.mx\/wp-content\/uploads\/2021\/03\/CF378BC5-0418-4AF0-A0ED-3AB88D04C4D4-1024x768.jpeg 1024w, https:\/\/encuentroinformativo.com.mx\/wp-content\/uploads\/2021\/03\/CF378BC5-0418-4AF0-A0ED-3AB88D04C4D4-300x225.jpeg 300w, https:\/\/encuentroinformativo.com.mx\/wp-content\/uploads\/2021\/03\/CF378BC5-0418-4AF0-A0ED-3AB88D04C4D4-768x576.jpeg 768w, https:\/\/encuentroinformativo.com.mx\/wp-content\/uploads\/2021\/03\/CF378BC5-0418-4AF0-A0ED-3AB88D04C4D4-1536x1152.jpeg 1536w, https:\/\/encuentroinformativo.com.mx\/wp-content\/uploads\/2021\/03\/CF378BC5-0418-4AF0-A0ED-3AB88D04C4D4.jpeg 1600w\" sizes=\"auto, (max-width: 1024px) 100vw, 1024px\" \/><\/figure>\n","protected":false},"excerpt":{"rendered":"<p>*Reclaman la liberaci\u00f3n del presunto responsable en la desaparici\u00f3n de la joven. Juan Arcos Xalapa, Ver.- Familiares de Sandra Jennyfer Giraldi Hern\u00e1ndez, quien desapareci\u00f3 el 14 de septiembre de 2012 en la ciudad de Xalapa, protestaron afuera de la sede del Poder Judicial del Estado de Veracruz por presuntas anomal\u00edas en la investigaci\u00f3n en las [&hellip;]<\/p>\n","protected":false},"author":1,"featured_media":11597,"comment_status":"open","ping_status":"open","sticky":false,"template":"","format":"standard","meta":{"_jetpack_memberships_contains_paid_content":false,"footnotes":""},"categories":[3],"tags":[],"class_list":["post-11596","post","type-post","status-publish","format-standard","has-post-thumbnail","hentry","category-xalapa"],"jetpack_featured_media_url":"https:\/\/encuentroinformativo.com.mx\/wp-content\/uploads\/2021\/03\/1E86724B-0129-427C-AD7A-BE00DA8EE2B5.jpeg","jetpack_sharing_enabled":true,"jetpack_likes_enabled":true,"amp_enabled":true,"_links":{"self":[{"href":"https:\/\/encuentroinformativo.com.mx\/index.php?rest_route=\/wp\/v2\/posts\/11596","targetHints":{"allow":["GET"]}}],"collection":[{"href":"https:\/\/encuentroinformativo.com.mx\/index.php?rest_route=\/wp\/v2\/posts"}],"about":[{"href":"https:\/\/encuentroinformativo.com.mx\/index.php?rest_route=\/wp\/v2\/types\/post"}],"author":[{"embeddable":true,"href":"https:\/\/encuentroinformativo.com.mx\/index.php?rest_route=\/wp\/v2\/users\/1"}],"replies":[{"embeddable":true,"href":"https:\/\/encuentroinformativo.com.mx\/index.php?rest_route=%2Fwp%2Fv2%2Fcomments&post=11596"}],"version-history":[{"count":1,"href":"https:\/\/encuentroinformativo.com.mx\/index.php?rest_route=\/wp\/v2\/posts\/11596\/revisions"}],"predecessor-version":[{"id":11599,"href":"https:\/\/encuentroinformativo.com.mx\/index.php?rest_route=\/wp\/v2\/posts\/11596\/revisions\/11599"}],"wp:featuredmedia":[{"embeddable":true,"href":"https:\/\/encuentroinformativo.com.mx\/index.php?rest_route=\/wp\/v2\/media\/11597"}],"wp:attachment":[{"href":"https:\/\/encuentroinformativo.com.mx\/index.php?rest_route=%2Fwp%2Fv2%2Fmedia&parent=11596"}],"wp:term":[{"taxonomy":"category","embeddable":true,"href":"https:\/\/encuentroinformativo.com.mx\/index.php?rest_route=%2Fwp%2Fv2%2Fcategories&post=11596"},{"taxonomy":"post_tag","embeddable":true,"href":"https:\/\/encuentroinformativo.com.mx\/index.php?rest_route=%2Fwp%2Fv2%2Ftags&post=11596"}],"curies":[{"name":"wp","href":"https:\/\/api.w.org\/{rel}","templated":true}]}}