{"id":116,"date":"2020-02-26T10:46:41","date_gmt":"2020-02-26T16:46:41","guid":{"rendered":"https:\/\/encuentroinformativodotcomdotmx.wordpress.com\/?p=116"},"modified":"2020-02-26T10:46:41","modified_gmt":"2020-02-26T16:46:41","slug":"miercoles-de-ceniza-inicio-de-calendario-liturgico","status":"publish","type":"post","link":"https:\/\/encuentroinformativo.com.mx\/?p=116","title":{"rendered":"Mi\u00e9rcoles de ceniza, inicio de calendario lit\u00fargico"},"content":{"rendered":"<p><img loading=\"lazy\" decoding=\"async\" class=\"size-medium wp-image-118 alignright\" src=\"https:\/\/encuentroinformativo.com.mx\/wp-content\/uploads\/2020\/02\/ceniza.jpg?w=300\" alt=\"\" width=\"300\" height=\"200\" \/><\/p>\n<p>Xalapa, Ver.- La Arquidi\u00f3cesis de Xalapa record\u00f3 que el calendario lit\u00fargico de la Iglesia cat\u00f3lica inicia con la celebraci\u00f3n del mi\u00e9rcoles de ceniza.<\/p>\n<p>\u00abUn d\u00eda de ayuno y abstinencia y que da paso a la cuaresma, se trata de un periodo de cuarenta d\u00edas que nos prepara para la celebraci\u00f3n de la pascua durante la Semana Santa\u00bb, indic\u00f3 Jos\u00e9 Manuel Suazo Reyes, vocero de la Arquidi\u00f3cesis de Xalapa.<\/p>\n<p>\u201cA trav\u00e9s de las redes sociales estamos difundiendo los diferentes horarios que habr\u00e1 en toda las parroquias, por la ma\u00f1ana normalmente hay una celebraci\u00f3n eucar\u00edstica a partir de las\u00a0 siete de la ma\u00f1ana en todas las parroquias seguramente, y a partir de las cuatro de la tarde en la ciudad de Xalapa se estar\u00e1 imponiendo la ceniza a todas las personas\u00a0 que asistan\u201d.<\/p>\n<p><strong>Fuente:<\/strong> Agencia RTV Noticias<\/p>\n","protected":false},"excerpt":{"rendered":"<p>Xalapa, Ver.- La Arquidi\u00f3cesis de Xalapa record\u00f3 que el calendario lit\u00fargico de la Iglesia cat\u00f3lica inicia con la celebraci\u00f3n del mi\u00e9rcoles de ceniza. \u00abUn d\u00eda de ayuno y abstinencia y que da paso a la cuaresma, se trata de un periodo de cuarenta d\u00edas que nos prepara para la celebraci\u00f3n de la pascua durante la [&hellip;]<\/p>\n","protected":false},"author":1,"featured_media":118,"comment_status":"open","ping_status":"open","sticky":false,"template":"","format":"standard","meta":{"_jetpack_memberships_contains_paid_content":false,"footnotes":""},"categories":[3],"tags":[],"class_list":["post-116","post","type-post","status-publish","format-standard","has-post-thumbnail","hentry","category-xalapa"],"jetpack_featured_media_url":"https:\/\/encuentroinformativo.com.mx\/wp-content\/uploads\/2020\/02\/ceniza-scaled.jpg","jetpack_sharing_enabled":true,"jetpack_likes_enabled":true,"amp_enabled":true,"_links":{"self":[{"href":"https:\/\/encuentroinformativo.com.mx\/index.php?rest_route=\/wp\/v2\/posts\/116","targetHints":{"allow":["GET"]}}],"collection":[{"href":"https:\/\/encuentroinformativo.com.mx\/index.php?rest_route=\/wp\/v2\/posts"}],"about":[{"href":"https:\/\/encuentroinformativo.com.mx\/index.php?rest_route=\/wp\/v2\/types\/post"}],"author":[{"embeddable":true,"href":"https:\/\/encuentroinformativo.com.mx\/index.php?rest_route=\/wp\/v2\/users\/1"}],"replies":[{"embeddable":true,"href":"https:\/\/encuentroinformativo.com.mx\/index.php?rest_route=%2Fwp%2Fv2%2Fcomments&post=116"}],"version-history":[{"count":0,"href":"https:\/\/encuentroinformativo.com.mx\/index.php?rest_route=\/wp\/v2\/posts\/116\/revisions"}],"wp:featuredmedia":[{"embeddable":true,"href":"https:\/\/encuentroinformativo.com.mx\/index.php?rest_route=\/wp\/v2\/media\/118"}],"wp:attachment":[{"href":"https:\/\/encuentroinformativo.com.mx\/index.php?rest_route=%2Fwp%2Fv2%2Fmedia&parent=116"}],"wp:term":[{"taxonomy":"category","embeddable":true,"href":"https:\/\/encuentroinformativo.com.mx\/index.php?rest_route=%2Fwp%2Fv2%2Fcategories&post=116"},{"taxonomy":"post_tag","embeddable":true,"href":"https:\/\/encuentroinformativo.com.mx\/index.php?rest_route=%2Fwp%2Fv2%2Ftags&post=116"}],"curies":[{"name":"wp","href":"https:\/\/api.w.org\/{rel}","templated":true}]}}