{"id":11600,"date":"2021-03-01T13:41:48","date_gmt":"2021-03-01T19:41:48","guid":{"rendered":"https:\/\/encuentroinformativo.com.mx\/?p=11600"},"modified":"2021-03-01T13:41:51","modified_gmt":"2021-03-01T19:41:51","slug":"se-mantiene-veracruz-en-primeros-lugares-con-fosas-clandestinas","status":"publish","type":"post","link":"https:\/\/encuentroinformativo.com.mx\/?p=11600","title":{"rendered":"Se mantiene Veracruz en primeros lugares con fosas clandestinas"},"content":{"rendered":"\n<p><strong>Juan Arcos <\/strong><\/p>\n\n\n\n<p>Xalapa, Ver.- Del a\u00f1o 2001 a la fecha, se reportan cerca de 7 mil personas desaparecidas en el estado de Veracruz, revel\u00f3 Ana\u00eds Palacios P\u00e9rez, defensora de los derechos humanos y acompa\u00f1ante de colectivos de familiares de desaparecidos.<\/p>\n\n\n\n<p>La activista indic\u00f3 que los datos var\u00edan, debido a que cada dependencia encargada de estos temas cuenta con registros y datos distintos.<\/p>\n\n\n\n<p>Sin embargo, enfatiz\u00f3 que Veracruz ocupa uno de los primeros lugares a nivel nacional con fosas clandestinas identificadas e intervenidas.<\/p>\n\n\n\n<p>A\u00f1adi\u00f3 que el monitoreo que se ha hecho al registro p\u00fablico de personas desaparecidas, as\u00ed como la informaci\u00f3n que proporcionan las comisiones de b\u00fasqueda, no tienen el panorama real de la problem\u00e1tica.<\/p>\n\n\n\n<p>&#8220;Como no hay esa coordinaci\u00f3n tan \u00f3ptima entre fiscal\u00edas y comisiones de b\u00fasqueda, a veces una instituci\u00f3n tiene datos que la otra instituci\u00f3n no tiene, as\u00ed es dif\u00edcil determinar un n\u00famero de personas desaparecidas\u201d.<\/p>\n\n\n\n<p>En octubre pasado, la Subsecretar\u00eda de Derechos Humanos y Poblaci\u00f3n de la Secretar\u00eda de Gobernaci\u00f3n ubic\u00f3 al estado de Veracruz en el primer lugar nacional con m\u00e1s fosas clandestinas halladas en el periodo de 2006 al 30 de septiembre de 2020, de acuerdo con informaci\u00f3n del Registro Nacional de Fosas Clandestinas y Cuerpos Exhumados.<\/p>\n\n\n\n<p>En ese entonces, se reportaba que en esta entidad se han identificado 504 fosas clandestinas. El reporte tambi\u00e9n exhib\u00eda a los diez municipios del pa\u00eds con mayor incidencia de esta inhumaci\u00f3n ilegal.<\/p>\n\n\n\n<p>Dos municipios de Veracruz se encontraban en dicha situaci\u00f3n. Se trata de \u00darsulo Galv\u00e1n y Playa Vicente. El primero ubicado en la regi\u00f3n Sotavento y, el segundo, en la zona sur de la entidad.<\/p>\n\n\n\n<p>Sin embargo, recientemente se han encontrado fosas clandestinas tambi\u00e9n en el municipio de Ixtaczoquitl\u00e1n, en la zona centro de la entidad, as\u00ed como tambi\u00e9n, en Arbolillo, municipio de Alvarado.<\/p>\n","protected":false},"excerpt":{"rendered":"<p>Juan Arcos Xalapa, Ver.- Del a\u00f1o 2001 a la fecha, se reportan cerca de 7 mil personas desaparecidas en el estado de Veracruz, revel\u00f3 Ana\u00eds Palacios P\u00e9rez, defensora de los derechos humanos y acompa\u00f1ante de colectivos de familiares de desaparecidos. La activista indic\u00f3 que los datos var\u00edan, debido a que cada dependencia encargada de estos [&hellip;]<\/p>\n","protected":false},"author":1,"featured_media":11601,"comment_status":"open","ping_status":"open","sticky":false,"template":"","format":"standard","meta":{"_jetpack_memberships_contains_paid_content":false,"footnotes":""},"categories":[3],"tags":[],"class_list":["post-11600","post","type-post","status-publish","format-standard","has-post-thumbnail","hentry","category-xalapa"],"jetpack_featured_media_url":"https:\/\/encuentroinformativo.com.mx\/wp-content\/uploads\/2021\/03\/FD651BC7-9962-4ACA-B252-6529BCBBDE8C.jpeg","jetpack_sharing_enabled":true,"jetpack_likes_enabled":true,"amp_enabled":true,"_links":{"self":[{"href":"https:\/\/encuentroinformativo.com.mx\/index.php?rest_route=\/wp\/v2\/posts\/11600","targetHints":{"allow":["GET"]}}],"collection":[{"href":"https:\/\/encuentroinformativo.com.mx\/index.php?rest_route=\/wp\/v2\/posts"}],"about":[{"href":"https:\/\/encuentroinformativo.com.mx\/index.php?rest_route=\/wp\/v2\/types\/post"}],"author":[{"embeddable":true,"href":"https:\/\/encuentroinformativo.com.mx\/index.php?rest_route=\/wp\/v2\/users\/1"}],"replies":[{"embeddable":true,"href":"https:\/\/encuentroinformativo.com.mx\/index.php?rest_route=%2Fwp%2Fv2%2Fcomments&post=11600"}],"version-history":[{"count":1,"href":"https:\/\/encuentroinformativo.com.mx\/index.php?rest_route=\/wp\/v2\/posts\/11600\/revisions"}],"predecessor-version":[{"id":11602,"href":"https:\/\/encuentroinformativo.com.mx\/index.php?rest_route=\/wp\/v2\/posts\/11600\/revisions\/11602"}],"wp:featuredmedia":[{"embeddable":true,"href":"https:\/\/encuentroinformativo.com.mx\/index.php?rest_route=\/wp\/v2\/media\/11601"}],"wp:attachment":[{"href":"https:\/\/encuentroinformativo.com.mx\/index.php?rest_route=%2Fwp%2Fv2%2Fmedia&parent=11600"}],"wp:term":[{"taxonomy":"category","embeddable":true,"href":"https:\/\/encuentroinformativo.com.mx\/index.php?rest_route=%2Fwp%2Fv2%2Fcategories&post=11600"},{"taxonomy":"post_tag","embeddable":true,"href":"https:\/\/encuentroinformativo.com.mx\/index.php?rest_route=%2Fwp%2Fv2%2Ftags&post=11600"}],"curies":[{"name":"wp","href":"https:\/\/api.w.org\/{rel}","templated":true}]}}