{"id":11612,"date":"2021-03-01T15:09:18","date_gmt":"2021-03-01T21:09:18","guid":{"rendered":"https:\/\/encuentroinformativo.com.mx\/?p=11612"},"modified":"2021-03-01T15:09:20","modified_gmt":"2021-03-01T21:09:20","slug":"familiares-de-cubanos-desaparecidos-pidieron-no-investigar-gobernador","status":"publish","type":"post","link":"https:\/\/encuentroinformativo.com.mx\/?p=11612","title":{"rendered":"Familiares de cubanos desaparecidos pidieron no investigar: Gobernador"},"content":{"rendered":"\n<p><strong>Dar\u00edo Pale <\/strong><\/p>\n\n\n\n<p>Xalapa, Ver.- El gobernador del estado Cuitl\u00e1huac Garc\u00eda Jim\u00e9nez dio a conocer que, los\u00a0tres cubanos, estudiantes de posgrado en la Universidad Veracruzana no est\u00e1n desaparecidos.<\/p>\n\n\n\n<p>En conferencia de prensa realizada en el en el Centro de Estudios e Investigaci\u00f3n en Seguridad (CEIS), se\u00f1al\u00f3 que,\u00a0&#8220;las familias de los tres cubanos piden no iniciar carpeta, que la Embajada est\u00e1 siguiendo el asunto, la embajada de Cuba. Entendemos que es un caso muy diferente. No es una desaparici\u00f3n. No podr\u00eda dar informaci\u00f3n m\u00e1s que la que tenemos en la Comisi\u00f3n Estatal de B\u00fasqueda&#8221;.<\/p>\n\n\n\n<p>El Mandatario reiter\u00f3 que ante la petici\u00f3n de la familia y por el hecho de que la Embajada de Cuba se est\u00e1 haciendo cargo, queda sin efecto la b\u00fasqueda porque no hay un delito que perseguir por parte de su administraci\u00f3n, hay\u00a0que recordar que se dio a conocer que tres estudiantes de origen cubano fueron reportados como desaparecidos por la Comisi\u00f3n Estatal de B\u00fasqueda.<\/p>\n\n\n\n<p>Carmen Dianeyz Boza Banguela de 32 a\u00f1os, Mercedes D\u00edaz G\u00f3mez de 30 a\u00f1os y Yuri Lorenzo Torre de 41 a\u00f1os son estudiantes de la facultad de Ciencias Biol\u00f3gicas y Agropecuarias de la Universidad Veracruzana, campus Poza Rica \u2013 Tuxpan, no obstante perdieron comunicaci\u00f3n\u00a0con sus compa\u00f1eros y familiares desde el pasado martes 23 de febrero.<\/p>\n\n\n\n<p>Los ciudadanos cubanos se ten\u00edan que trasladar de Tuxpan hacia la zona conurbada, toda vez que deb\u00edan presentarse en el consulado de su pa\u00eds, ubicado en el fraccionamiento Costa de Oro, municipio de Boca del R\u00edo, sin\u00a0embargo, nunca se presentaron y no se han comunicado.<\/p>\n\n\n\n<p>El Mandatario agreg\u00f3 que en el caso de la desaparici\u00f3n del ciudadano argentino, la Fiscal\u00eda General del Estado tiene algunos avances al respecto, incluso el organismo aut\u00f3nomo conoce las razones por las que estaba aqu\u00ed.<\/p>\n\n\n\n<p>&#8220;Llevan avances en la Fiscal\u00eda, es un proceso abierto, entonces tengo que ser cauto. Ah\u00ed es muy diferente, ese si es un caso totalmente diferente&#8221;, finaliz\u00f3.<\/p>\n","protected":false},"excerpt":{"rendered":"<p>Dar\u00edo Pale Xalapa, Ver.- El gobernador del estado Cuitl\u00e1huac Garc\u00eda Jim\u00e9nez dio a conocer que, los\u00a0tres cubanos, estudiantes de posgrado en la Universidad Veracruzana no est\u00e1n desaparecidos. En conferencia de prensa realizada en el en el Centro de Estudios e Investigaci\u00f3n en Seguridad (CEIS), se\u00f1al\u00f3 que,\u00a0&#8220;las familias de los tres cubanos piden no iniciar carpeta, [&hellip;]<\/p>\n","protected":false},"author":1,"featured_media":11613,"comment_status":"open","ping_status":"open","sticky":false,"template":"","format":"standard","meta":{"_jetpack_memberships_contains_paid_content":false,"footnotes":""},"categories":[2],"tags":[],"class_list":["post-11612","post","type-post","status-publish","format-standard","has-post-thumbnail","hentry","category-estado"],"jetpack_featured_media_url":"https:\/\/encuentroinformativo.com.mx\/wp-content\/uploads\/2021\/03\/7B2DDC06-1749-4D63-81DD-4C65E97AD9B5.jpeg","jetpack_sharing_enabled":true,"jetpack_likes_enabled":true,"amp_enabled":true,"_links":{"self":[{"href":"https:\/\/encuentroinformativo.com.mx\/index.php?rest_route=\/wp\/v2\/posts\/11612","targetHints":{"allow":["GET"]}}],"collection":[{"href":"https:\/\/encuentroinformativo.com.mx\/index.php?rest_route=\/wp\/v2\/posts"}],"about":[{"href":"https:\/\/encuentroinformativo.com.mx\/index.php?rest_route=\/wp\/v2\/types\/post"}],"author":[{"embeddable":true,"href":"https:\/\/encuentroinformativo.com.mx\/index.php?rest_route=\/wp\/v2\/users\/1"}],"replies":[{"embeddable":true,"href":"https:\/\/encuentroinformativo.com.mx\/index.php?rest_route=%2Fwp%2Fv2%2Fcomments&post=11612"}],"version-history":[{"count":1,"href":"https:\/\/encuentroinformativo.com.mx\/index.php?rest_route=\/wp\/v2\/posts\/11612\/revisions"}],"predecessor-version":[{"id":11614,"href":"https:\/\/encuentroinformativo.com.mx\/index.php?rest_route=\/wp\/v2\/posts\/11612\/revisions\/11614"}],"wp:featuredmedia":[{"embeddable":true,"href":"https:\/\/encuentroinformativo.com.mx\/index.php?rest_route=\/wp\/v2\/media\/11613"}],"wp:attachment":[{"href":"https:\/\/encuentroinformativo.com.mx\/index.php?rest_route=%2Fwp%2Fv2%2Fmedia&parent=11612"}],"wp:term":[{"taxonomy":"category","embeddable":true,"href":"https:\/\/encuentroinformativo.com.mx\/index.php?rest_route=%2Fwp%2Fv2%2Fcategories&post=11612"},{"taxonomy":"post_tag","embeddable":true,"href":"https:\/\/encuentroinformativo.com.mx\/index.php?rest_route=%2Fwp%2Fv2%2Ftags&post=11612"}],"curies":[{"name":"wp","href":"https:\/\/api.w.org\/{rel}","templated":true}]}}