{"id":11615,"date":"2021-03-01T15:13:48","date_gmt":"2021-03-01T21:13:48","guid":{"rendered":"https:\/\/encuentroinformativo.com.mx\/?p=11615"},"modified":"2021-03-01T15:13:50","modified_gmt":"2021-03-01T21:13:50","slug":"por-pandemia-incrementaran-casos-de-cancer-de-mama-amanc","status":"publish","type":"post","link":"https:\/\/encuentroinformativo.com.mx\/?p=11615","title":{"rendered":"Por pandemia incrementar\u00e1n casos de c\u00e1ncer de mama: AMANC"},"content":{"rendered":"\n<p><strong>Alejandro \u00c1vila<\/strong><\/p>\n\n\n\n<p>Veracruz, Ver.- Beatriz Cruz Solorzano, presidenta de Mujeres Activas contra el C\u00e1ncer de Mama (AMANC), reconoci\u00f3 que los casos podr\u00edan tener un severo repunte en un estimado de dos a\u00f1os, pues las mujeres han acudido muy poco a realizarse mastograf\u00edas, desde que inici\u00f3 la pandemia por COVID-19.<\/p>\n\n\n\n<p>Lo grave de esta situaci\u00f3n que es que muchas mujeres van a ser detectadas con c\u00e1ncer en una etapa donde poco o nada se podr\u00e1 hacer por su salud.<\/p>\n\n\n\n<p>\u201cLa pandemia nos ha limitado y lamentablemente este efecto se va a ver reflejado a\u00f1os m\u00e1s tarde cuando la mujer lamentablemente se detecte el c\u00e1ncer de mama en una etapa tard\u00eda\u201d, asest\u00f3.<\/p>\n\n\n\n<p>Por si fuera poco, la atenci\u00f3n a otras enfermedades en los nosocomios es m\u00ednima, pues la prioridad es el COVID-19.<\/p>\n\n\n\n<p>Seg\u00fan sus n\u00fameros, un estimado del 30 por ciento de las mujeres ha dejado de realizarse las mastograf\u00edas.<\/p>\n\n\n\n<p>Finalmente, AMANC Veracruz denunci\u00f3 que han tebido casos donde las mujeres son diagnosticadas con c\u00e1ncer y las corren de sus trabajos, por lo que al estar desprotegidas acuden a la asociaci\u00f3n.<\/p>\n","protected":false},"excerpt":{"rendered":"<p>Alejandro \u00c1vila Veracruz, Ver.- Beatriz Cruz Solorzano, presidenta de Mujeres Activas contra el C\u00e1ncer de Mama (AMANC), reconoci\u00f3 que los casos podr\u00edan tener un severo repunte en un estimado de dos a\u00f1os, pues las mujeres han acudido muy poco a realizarse mastograf\u00edas, desde que inici\u00f3 la pandemia por COVID-19. Lo grave de esta situaci\u00f3n que [&hellip;]<\/p>\n","protected":false},"author":1,"featured_media":11616,"comment_status":"open","ping_status":"open","sticky":false,"template":"","format":"standard","meta":{"_jetpack_memberships_contains_paid_content":false,"footnotes":""},"categories":[9],"tags":[],"class_list":["post-11615","post","type-post","status-publish","format-standard","has-post-thumbnail","hentry","category-salud"],"jetpack_featured_media_url":"https:\/\/encuentroinformativo.com.mx\/wp-content\/uploads\/2021\/03\/9780D3A4-F5F7-4123-B896-703C8BBBB957.jpeg","jetpack_sharing_enabled":true,"jetpack_likes_enabled":true,"amp_enabled":true,"_links":{"self":[{"href":"https:\/\/encuentroinformativo.com.mx\/index.php?rest_route=\/wp\/v2\/posts\/11615","targetHints":{"allow":["GET"]}}],"collection":[{"href":"https:\/\/encuentroinformativo.com.mx\/index.php?rest_route=\/wp\/v2\/posts"}],"about":[{"href":"https:\/\/encuentroinformativo.com.mx\/index.php?rest_route=\/wp\/v2\/types\/post"}],"author":[{"embeddable":true,"href":"https:\/\/encuentroinformativo.com.mx\/index.php?rest_route=\/wp\/v2\/users\/1"}],"replies":[{"embeddable":true,"href":"https:\/\/encuentroinformativo.com.mx\/index.php?rest_route=%2Fwp%2Fv2%2Fcomments&post=11615"}],"version-history":[{"count":1,"href":"https:\/\/encuentroinformativo.com.mx\/index.php?rest_route=\/wp\/v2\/posts\/11615\/revisions"}],"predecessor-version":[{"id":11617,"href":"https:\/\/encuentroinformativo.com.mx\/index.php?rest_route=\/wp\/v2\/posts\/11615\/revisions\/11617"}],"wp:featuredmedia":[{"embeddable":true,"href":"https:\/\/encuentroinformativo.com.mx\/index.php?rest_route=\/wp\/v2\/media\/11616"}],"wp:attachment":[{"href":"https:\/\/encuentroinformativo.com.mx\/index.php?rest_route=%2Fwp%2Fv2%2Fmedia&parent=11615"}],"wp:term":[{"taxonomy":"category","embeddable":true,"href":"https:\/\/encuentroinformativo.com.mx\/index.php?rest_route=%2Fwp%2Fv2%2Fcategories&post=11615"},{"taxonomy":"post_tag","embeddable":true,"href":"https:\/\/encuentroinformativo.com.mx\/index.php?rest_route=%2Fwp%2Fv2%2Ftags&post=11615"}],"curies":[{"name":"wp","href":"https:\/\/api.w.org\/{rel}","templated":true}]}}