{"id":11624,"date":"2021-03-01T20:05:10","date_gmt":"2021-03-02T02:05:10","guid":{"rendered":"https:\/\/encuentroinformativo.com.mx\/?p=11624"},"modified":"2021-03-01T20:05:13","modified_gmt":"2021-03-02T02:05:13","slug":"pes-llega-fuerte-a-tempoal","status":"publish","type":"post","link":"https:\/\/encuentroinformativo.com.mx\/?p=11624","title":{"rendered":"PES llega fuerte a Tempoal"},"content":{"rendered":"\n<p><strong>*Miles de ciudadanos simpatizan con el Partido Encuentro Solidario en el norte de Veracruz<\/strong>.<\/p>\n\n\n\n<p>Tempoal, Ver.- El PES encontr\u00f3 suficiente eco entre la sociedad civil de este municipio y se est\u00e1n organizando para mandar un mensaje muy claro a todo el estado: \u00abya no seremos escal\u00f3n de nadie\u00bb, confirm\u00f3 durante una intensa gira de trabajo el presidente de Encuentro Solidario en la entidad, Gonzalo Gu\u00edzar Valladares.<\/p>\n\n\n\n<p>Al instalar el nuevo Comit\u00e9 Directivo Municipal que encabezan N\u00e9stor Rodolfo Rivera P\u00e9rez, como presidente y Deysi Josefina P\u00e9rez Hern\u00e1ndez, como secretaria general; el contador Gu\u00edzar Valladares ratific\u00f3 el enorme arrastre popular de la nueva dirigencia del PES.<\/p>\n\n\n\n<p>Cientos de simpatizantes del PES salieron a recibir al dirigente estatal Gonzalo Gu\u00edzar Valladares y ante ellos asumi\u00f3 el compromiso de seguir impulsando desde el Partido Encuentro Solidario, una agenda incluyente para toda la sociedad que clama por un mejor Veracruz.<\/p>\n\n\n\n<p>Juan Carlos Olvera, secretario de organizaci\u00f3n; Pablo Caballero, coordinador de Finanzas; Daniel Rivera, representante ante el OPLE y Nahum Navas, del Comit\u00e9 Directivo Nacional, acompa\u00f1aron en el evento a Gonzalo Gu\u00edzar Valladares.<\/p>\n","protected":false},"excerpt":{"rendered":"<p>*Miles de ciudadanos simpatizan con el Partido Encuentro Solidario en el norte de Veracruz. Tempoal, Ver.- El PES encontr\u00f3 suficiente eco entre la sociedad civil de este municipio y se est\u00e1n organizando para mandar un mensaje muy claro a todo el estado: \u00abya no seremos escal\u00f3n de nadie\u00bb, confirm\u00f3 durante una intensa gira de trabajo [&hellip;]<\/p>\n","protected":false},"author":1,"featured_media":11625,"comment_status":"open","ping_status":"open","sticky":false,"template":"","format":"standard","meta":{"_jetpack_memberships_contains_paid_content":false,"footnotes":""},"categories":[2],"tags":[],"class_list":["post-11624","post","type-post","status-publish","format-standard","has-post-thumbnail","hentry","category-estado"],"jetpack_featured_media_url":"https:\/\/encuentroinformativo.com.mx\/wp-content\/uploads\/2021\/03\/BB846FB9-5A0B-469B-A29B-BACFC3E9C277.jpeg","jetpack_sharing_enabled":true,"jetpack_likes_enabled":true,"amp_enabled":true,"_links":{"self":[{"href":"https:\/\/encuentroinformativo.com.mx\/index.php?rest_route=\/wp\/v2\/posts\/11624","targetHints":{"allow":["GET"]}}],"collection":[{"href":"https:\/\/encuentroinformativo.com.mx\/index.php?rest_route=\/wp\/v2\/posts"}],"about":[{"href":"https:\/\/encuentroinformativo.com.mx\/index.php?rest_route=\/wp\/v2\/types\/post"}],"author":[{"embeddable":true,"href":"https:\/\/encuentroinformativo.com.mx\/index.php?rest_route=\/wp\/v2\/users\/1"}],"replies":[{"embeddable":true,"href":"https:\/\/encuentroinformativo.com.mx\/index.php?rest_route=%2Fwp%2Fv2%2Fcomments&post=11624"}],"version-history":[{"count":1,"href":"https:\/\/encuentroinformativo.com.mx\/index.php?rest_route=\/wp\/v2\/posts\/11624\/revisions"}],"predecessor-version":[{"id":11626,"href":"https:\/\/encuentroinformativo.com.mx\/index.php?rest_route=\/wp\/v2\/posts\/11624\/revisions\/11626"}],"wp:featuredmedia":[{"embeddable":true,"href":"https:\/\/encuentroinformativo.com.mx\/index.php?rest_route=\/wp\/v2\/media\/11625"}],"wp:attachment":[{"href":"https:\/\/encuentroinformativo.com.mx\/index.php?rest_route=%2Fwp%2Fv2%2Fmedia&parent=11624"}],"wp:term":[{"taxonomy":"category","embeddable":true,"href":"https:\/\/encuentroinformativo.com.mx\/index.php?rest_route=%2Fwp%2Fv2%2Fcategories&post=11624"},{"taxonomy":"post_tag","embeddable":true,"href":"https:\/\/encuentroinformativo.com.mx\/index.php?rest_route=%2Fwp%2Fv2%2Ftags&post=11624"}],"curies":[{"name":"wp","href":"https:\/\/api.w.org\/{rel}","templated":true}]}}