{"id":11629,"date":"2021-03-02T11:18:23","date_gmt":"2021-03-02T17:18:23","guid":{"rendered":"https:\/\/encuentroinformativo.com.mx\/?p=11629"},"modified":"2021-03-02T11:18:26","modified_gmt":"2021-03-02T17:18:26","slug":"aumentan-asaltos-en-carretera-transportistas","status":"publish","type":"post","link":"https:\/\/encuentroinformativo.com.mx\/?p=11629","title":{"rendered":"Aumentan asaltos en carretera: Transportistas"},"content":{"rendered":"\n<p><strong>Juan Arcos <\/strong><\/p>\n\n\n\n<p>Xalapa, Ver.- Integrantes de la Alianza Mexicana de Organizaciones de Transportistas (Amotac) dieron a conocer que han sido v\u00edctimas de cinco asaltos a mano armada a la semana en diversos puntos de la entidad veracruzana.<\/p>\n\n\n\n<p>M\u00e1s de 70 de conductores participaron en un paro nacional para protestar contra la inseguridad y el incremento en los precios del combustible y las casetas de peaje.<\/p>\n\n\n\n<p>Los quejosos estacionaron sus unidades sobre el bulevar Xalapa-Banderilla, a la altura de la colonia 21 de Marzo, dejando solo un carril libre para la circulaci\u00f3n vehicular en la zona.<\/p>\n\n\n\n<p>Durante un recorrido en el lugar, se observ\u00f3 una carga vehicular despu\u00e9s de las 7:30 horas de este martes 3 de marzo, sobre todo con direcci\u00f3n hacia la Ciudad de M\u00e9xico.<\/p>\n\n\n\n<p>De acuerdo con el dirigente de Amotac en Veracruz, Juan Ciro Dur\u00e1n Mendoza, tambi\u00e9n se tiene registro de que los delincuentes asesinan a un transportista cada mes, para robarle el cami\u00f3n de carga pesada.<\/p>\n\n\n\n<p>\u201cTenemos casos en todas partes del estado, zona norte, zona sur, zona centro. Vamos a hablar de que por d\u00eda son cinco asaltos y vamos a hablar de un asesinado por mes\u201d.<\/p>\n\n\n\n<p>El entrevistado mencion\u00f3 que tardan d\u00edas, incluso, meses en recuperar los camiones que han sido robados y ubicados por polic\u00edas ministeriales, debido a que los tr\u00e1mites se han \u201ctrabado\u201d en la Fiscal\u00eda General del Estado (FGE) durante la pandemia del SARS-COV-2 (COVID-19).<\/p>\n\n\n\n<p>A\u00f1adi\u00f3 que el aumento en los costos del di\u00e9sel y dem\u00e1s combustibles afecta a toda la poblaci\u00f3n, as\u00ed como a 10 mil agremiados de Amotac en el estado de Veracruz.<\/p>\n\n\n\n<p>Los transportistas dieron a conocer que realizar\u00edan una caravana del bulevar Xalapa-Banderilla a hacia la localidad de Corral Falso, municipio de Emiliano Zapata.<\/p>\n\n\n\n<figure class=\"wp-block-image size-large\"><img loading=\"lazy\" decoding=\"async\" width=\"1024\" height=\"768\" src=\"https:\/\/encuentroinformativo.com.mx\/wp-content\/uploads\/2021\/03\/A5D8620C-11ED-477D-8E41-283CEC4E89CE-1024x768.jpeg\" alt=\"\" class=\"wp-image-11631\" srcset=\"https:\/\/encuentroinformativo.com.mx\/wp-content\/uploads\/2021\/03\/A5D8620C-11ED-477D-8E41-283CEC4E89CE-1024x768.jpeg 1024w, https:\/\/encuentroinformativo.com.mx\/wp-content\/uploads\/2021\/03\/A5D8620C-11ED-477D-8E41-283CEC4E89CE-300x225.jpeg 300w, https:\/\/encuentroinformativo.com.mx\/wp-content\/uploads\/2021\/03\/A5D8620C-11ED-477D-8E41-283CEC4E89CE-768x576.jpeg 768w, https:\/\/encuentroinformativo.com.mx\/wp-content\/uploads\/2021\/03\/A5D8620C-11ED-477D-8E41-283CEC4E89CE-1536x1152.jpeg 1536w, https:\/\/encuentroinformativo.com.mx\/wp-content\/uploads\/2021\/03\/A5D8620C-11ED-477D-8E41-283CEC4E89CE.jpeg 2016w\" sizes=\"auto, (max-width: 1024px) 100vw, 1024px\" \/><\/figure>\n","protected":false},"excerpt":{"rendered":"<p>Juan Arcos Xalapa, Ver.- Integrantes de la Alianza Mexicana de Organizaciones de Transportistas (Amotac) dieron a conocer que han sido v\u00edctimas de cinco asaltos a mano armada a la semana en diversos puntos de la entidad veracruzana. M\u00e1s de 70 de conductores participaron en un paro nacional para protestar contra la inseguridad y el incremento [&hellip;]<\/p>\n","protected":false},"author":1,"featured_media":11630,"comment_status":"open","ping_status":"open","sticky":false,"template":"","format":"standard","meta":{"_jetpack_memberships_contains_paid_content":false,"footnotes":""},"categories":[8],"tags":[],"class_list":["post-11629","post","type-post","status-publish","format-standard","has-post-thumbnail","hentry","category-region"],"jetpack_featured_media_url":"https:\/\/encuentroinformativo.com.mx\/wp-content\/uploads\/2021\/03\/B2E77AC9-0780-4E75-9AD5-BBF6FF1975F8.jpeg","jetpack_sharing_enabled":true,"jetpack_likes_enabled":true,"amp_enabled":true,"_links":{"self":[{"href":"https:\/\/encuentroinformativo.com.mx\/index.php?rest_route=\/wp\/v2\/posts\/11629","targetHints":{"allow":["GET"]}}],"collection":[{"href":"https:\/\/encuentroinformativo.com.mx\/index.php?rest_route=\/wp\/v2\/posts"}],"about":[{"href":"https:\/\/encuentroinformativo.com.mx\/index.php?rest_route=\/wp\/v2\/types\/post"}],"author":[{"embeddable":true,"href":"https:\/\/encuentroinformativo.com.mx\/index.php?rest_route=\/wp\/v2\/users\/1"}],"replies":[{"embeddable":true,"href":"https:\/\/encuentroinformativo.com.mx\/index.php?rest_route=%2Fwp%2Fv2%2Fcomments&post=11629"}],"version-history":[{"count":1,"href":"https:\/\/encuentroinformativo.com.mx\/index.php?rest_route=\/wp\/v2\/posts\/11629\/revisions"}],"predecessor-version":[{"id":11632,"href":"https:\/\/encuentroinformativo.com.mx\/index.php?rest_route=\/wp\/v2\/posts\/11629\/revisions\/11632"}],"wp:featuredmedia":[{"embeddable":true,"href":"https:\/\/encuentroinformativo.com.mx\/index.php?rest_route=\/wp\/v2\/media\/11630"}],"wp:attachment":[{"href":"https:\/\/encuentroinformativo.com.mx\/index.php?rest_route=%2Fwp%2Fv2%2Fmedia&parent=11629"}],"wp:term":[{"taxonomy":"category","embeddable":true,"href":"https:\/\/encuentroinformativo.com.mx\/index.php?rest_route=%2Fwp%2Fv2%2Fcategories&post=11629"},{"taxonomy":"post_tag","embeddable":true,"href":"https:\/\/encuentroinformativo.com.mx\/index.php?rest_route=%2Fwp%2Fv2%2Ftags&post=11629"}],"curies":[{"name":"wp","href":"https:\/\/api.w.org\/{rel}","templated":true}]}}