{"id":11633,"date":"2021-03-02T11:58:38","date_gmt":"2021-03-02T17:58:38","guid":{"rendered":"https:\/\/encuentroinformativo.com.mx\/?p=11633"},"modified":"2021-03-02T11:58:41","modified_gmt":"2021-03-02T17:58:41","slug":"sin-definir-eleccion-interna-en-veracruz-puerto-joaquin-guzman","status":"publish","type":"post","link":"https:\/\/encuentroinformativo.com.mx\/?p=11633","title":{"rendered":"Sin definir elecci\u00f3n interna en Veracruz puerto: Joaqu\u00edn  Guzm\u00e1n"},"content":{"rendered":"\n<p><strong>Juan Arcos<\/strong> <\/p>\n\n\n\n<p>Xalapa, Ver.- El dirigente estatal del Partido Acci\u00f3n Nacional (PAN), Joaqu\u00edn Rosendo Guzm\u00e1n Avil\u00e9s, revel\u00f3 que la elecci\u00f3n interna en el puerto de Veracruz a\u00fan no est\u00e1 definida y, por ende, todav\u00eda no se puede determinar que Miguel \u00c1ngel Yunes Linares encabezar\u00e1 la candidatura a la alcald\u00eda, aunque haya ganado la votaci\u00f3n.<\/p>\n\n\n\n<p>El l\u00edder albiazul record\u00f3 que el caso est\u00e1 siendo revisado por la Comisi\u00f3n de Justicia del Comit\u00e9 Ejecutivo Nacional (PAN) para determinar la validez o nulidad de la elecci\u00f3n del pasado 14 de febrero.<\/p>\n\n\n\n<p>Cabe recordar que las votaciones para la selecci\u00f3n de candidatos a la presidencia municipal y la diputaci\u00f3n local del puerto jarocho, fue reventada por un grupo que agredi\u00f3 a \u201csillazos\u201d a otras personas.<\/p>\n\n\n\n<p>\u201cEllos determinar\u00e1n la validez o no de la elecci\u00f3n. No est\u00e1 en el comit\u00e9 estatal, est\u00e1 en el comit\u00e9 nacional\u201d, enfatiz\u00f3 el dirigente partidista.<\/p>\n\n\n\n<p>Guzm\u00e1n Avil\u00e9s indic\u00f3 que se dialogar\u00e1 con los precandidatos Bingen Rementer\u00eda Molina y Miguel \u00c1ngel Yunes M\u00e1rquez, para \u201climar asperezas\u201d y garantizar la unidad al interior de este organismo pol\u00edtico.<\/p>\n\n\n\n<p>Sobre los pronunciamientos de algunos militantes sobre el presunto triunfo de Yunes M\u00e1rquez, refiri\u00f3 que pueden existir diversas afirmaciones; sin embargo, todav\u00eda no hay un resolutivo de la Comisi\u00f3n de Justicia del PAN al respecto.<\/p>\n\n\n\n<p>Adem\u00e1s, neg\u00f3 que la violencia desatada en la elecci\u00f3n interna enrarezca el proceso y destac\u00f3 que si hay inconformidad en los resultados, cualquier aspirante tiene la oportunidad de impugnar.<\/p>\n\n\n\n<p>\u201cEn muchos municipios hay problemas, por eso hay parte importante en una impugnaci\u00f3n, se impugna todo eso. El \u00fanico problema es Veracruz, en los 211 municipios restantes est\u00e1n en paz y tranquilos, algunos ya est\u00e1n esperando el arranque de las campa\u00f1as porque ya est\u00e1n los candidatos\u201d, justific\u00f3.<\/p>\n\n\n\n<p>Por otra parte, Guzm\u00e1n Avil\u00e9s neg\u00f3 que precandidatos del Partido Acci\u00f3n Nacional hayan declinado a una candidatura por amenazas, como ha ocurrido en la caso de aspirantes del Partido de la Revoluci\u00f3n Democr\u00e1tica (PRD).<\/p>\n","protected":false},"excerpt":{"rendered":"<p>Juan Arcos Xalapa, Ver.- El dirigente estatal del Partido Acci\u00f3n Nacional (PAN), Joaqu\u00edn Rosendo Guzm\u00e1n Avil\u00e9s, revel\u00f3 que la elecci\u00f3n interna en el puerto de Veracruz a\u00fan no est\u00e1 definida y, por ende, todav\u00eda no se puede determinar que Miguel \u00c1ngel Yunes Linares encabezar\u00e1 la candidatura a la alcald\u00eda, aunque haya ganado la votaci\u00f3n. El [&hellip;]<\/p>\n","protected":false},"author":1,"featured_media":11634,"comment_status":"open","ping_status":"open","sticky":false,"template":"","format":"standard","meta":{"_jetpack_memberships_contains_paid_content":false,"footnotes":""},"categories":[2],"tags":[],"class_list":["post-11633","post","type-post","status-publish","format-standard","has-post-thumbnail","hentry","category-estado"],"jetpack_featured_media_url":"https:\/\/encuentroinformativo.com.mx\/wp-content\/uploads\/2021\/03\/E733D420-4F02-4ED2-8A46-B5522522BC6A.jpeg","jetpack_sharing_enabled":true,"jetpack_likes_enabled":true,"amp_enabled":true,"_links":{"self":[{"href":"https:\/\/encuentroinformativo.com.mx\/index.php?rest_route=\/wp\/v2\/posts\/11633","targetHints":{"allow":["GET"]}}],"collection":[{"href":"https:\/\/encuentroinformativo.com.mx\/index.php?rest_route=\/wp\/v2\/posts"}],"about":[{"href":"https:\/\/encuentroinformativo.com.mx\/index.php?rest_route=\/wp\/v2\/types\/post"}],"author":[{"embeddable":true,"href":"https:\/\/encuentroinformativo.com.mx\/index.php?rest_route=\/wp\/v2\/users\/1"}],"replies":[{"embeddable":true,"href":"https:\/\/encuentroinformativo.com.mx\/index.php?rest_route=%2Fwp%2Fv2%2Fcomments&post=11633"}],"version-history":[{"count":1,"href":"https:\/\/encuentroinformativo.com.mx\/index.php?rest_route=\/wp\/v2\/posts\/11633\/revisions"}],"predecessor-version":[{"id":11635,"href":"https:\/\/encuentroinformativo.com.mx\/index.php?rest_route=\/wp\/v2\/posts\/11633\/revisions\/11635"}],"wp:featuredmedia":[{"embeddable":true,"href":"https:\/\/encuentroinformativo.com.mx\/index.php?rest_route=\/wp\/v2\/media\/11634"}],"wp:attachment":[{"href":"https:\/\/encuentroinformativo.com.mx\/index.php?rest_route=%2Fwp%2Fv2%2Fmedia&parent=11633"}],"wp:term":[{"taxonomy":"category","embeddable":true,"href":"https:\/\/encuentroinformativo.com.mx\/index.php?rest_route=%2Fwp%2Fv2%2Fcategories&post=11633"},{"taxonomy":"post_tag","embeddable":true,"href":"https:\/\/encuentroinformativo.com.mx\/index.php?rest_route=%2Fwp%2Fv2%2Ftags&post=11633"}],"curies":[{"name":"wp","href":"https:\/\/api.w.org\/{rel}","templated":true}]}}