{"id":11636,"date":"2021-03-02T12:56:08","date_gmt":"2021-03-02T18:56:08","guid":{"rendered":"https:\/\/encuentroinformativo.com.mx\/?p=11636"},"modified":"2021-03-02T12:56:10","modified_gmt":"2021-03-02T18:56:10","slug":"investigan-a-modo-homicidio-de-alcaldesa-de-jamapa-acusa-prd","status":"publish","type":"post","link":"https:\/\/encuentroinformativo.com.mx\/?p=11636","title":{"rendered":"Investigan \u201ca modo\u201d homicidio de alcaldesa de Jamapa, acusa PRD"},"content":{"rendered":"\n<p><strong>Juan Arcos <\/strong><\/p>\n\n\n\n<p>Xalapa, Ver.- El dirigente estatal del Partido de la Revoluci\u00f3n Democr\u00e1tica (PRD), Sergio Cadena Mart\u00ednez, denunci\u00f3 que hasta este momento el asesinato de la alcaldesa de Jamapa, Florisel R\u00edos Delf\u00edn, contin\u00faa impune y reprob\u00f3 que haya sido coaccionada la perito del caso para presentar un dictamen \u201ca modo\u201d.<\/p>\n\n\n\n<p>\u201cYo me enter\u00e9 por los medios de comunicaci\u00f3n que estaban presionando a la perito para que pusieran las cosas a modo, entonces les sale el tiro por la culata\u201d.<\/p>\n\n\n\n<p>Cabe recordar que la presidenta municipal perredista fue asesinada la ma\u00f1ana del mi\u00e9rcoles 11 de noviembre y su cuerpo fue encontrado en un camino del poblado Ixcoalco, municipio de Medell\u00edn de Bravo, ubicado a unos minutos de Jamapa.\u00a0<\/p>\n\n\n\n<p>En ese sentido, el l\u00edder del Sol Azteca en Veracruz critic\u00f3 el actuar de la titular de la Fiscal\u00eda General del Estado (FGE), Ver\u00f3nica Hern\u00e1ndez Giad\u00e1ns, en este y otros homicidios registrados en la entidad recientemente.<\/p>\n\n\n\n<p>\u201cHay una fiscal a modo, que no est\u00e1 haciendo su trabajo y lamentablemente el gran salario que tiene es de los impuestos de todos nosotros\u201d.<\/p>\n\n\n\n<p>Adem\u00e1s, indic\u00f3 que tampoco ha habido justicia por el asesinato de la exalcaldesa Gladys Merl\u00edn y su hija Carla Enr\u00edquez Merl\u00edn, en el municipio de Cosoleacaque, el pasado 15 de febrero.<\/p>\n\n\n\n<p>\u201cLa impunidad es la que sigue prevaleciendo, no hay avance en las investigaciones, no hay ni detenidos, los casos que nos han presentado se han ca\u00eddo\u201d.<\/p>\n\n\n\n<p>Cadena Mart\u00ednez record\u00f3 que se solicit\u00f3 personalmente a la secretaria de Gobernaci\u00f3n, Olga S\u00e1nchez Cordero, que el asesinato de la Alcaldesa fuera atra\u00eddo por la Fiscal\u00eda General de la Rep\u00fablica (FGR); sin embargo, no se obtuvo una respuesta favorable.<\/p>\n\n\n\n<p>\u201cAunque se pusieron denuncias y todo, nos dijo que ese caso no iba a ser atra\u00eddo por la FGR, entonces tenemos que luchar aqu\u00ed\u201d.<\/p>\n\n\n\n<p>El dirigente estatal del PRD refiri\u00f3 que en la elecci\u00f3n del pr\u00f3ximo 6 de junio se buscar\u00e1 recuperar la mayor\u00eda en el Congreso del Estado para destituir a la Fiscal General de Veracruz.<\/p>\n","protected":false},"excerpt":{"rendered":"<p>Juan Arcos Xalapa, Ver.- El dirigente estatal del Partido de la Revoluci\u00f3n Democr\u00e1tica (PRD), Sergio Cadena Mart\u00ednez, denunci\u00f3 que hasta este momento el asesinato de la alcaldesa de Jamapa, Florisel R\u00edos Delf\u00edn, contin\u00faa impune y reprob\u00f3 que haya sido coaccionada la perito del caso para presentar un dictamen \u201ca modo\u201d. \u201cYo me enter\u00e9 por los [&hellip;]<\/p>\n","protected":false},"author":1,"featured_media":11637,"comment_status":"open","ping_status":"open","sticky":false,"template":"","format":"standard","meta":{"_jetpack_memberships_contains_paid_content":false,"footnotes":""},"categories":[2],"tags":[],"class_list":["post-11636","post","type-post","status-publish","format-standard","has-post-thumbnail","hentry","category-estado"],"jetpack_featured_media_url":"https:\/\/encuentroinformativo.com.mx\/wp-content\/uploads\/2021\/03\/F65D416C-7F5D-4005-AEB3-6B48847CA25C.jpeg","jetpack_sharing_enabled":true,"jetpack_likes_enabled":true,"amp_enabled":true,"_links":{"self":[{"href":"https:\/\/encuentroinformativo.com.mx\/index.php?rest_route=\/wp\/v2\/posts\/11636","targetHints":{"allow":["GET"]}}],"collection":[{"href":"https:\/\/encuentroinformativo.com.mx\/index.php?rest_route=\/wp\/v2\/posts"}],"about":[{"href":"https:\/\/encuentroinformativo.com.mx\/index.php?rest_route=\/wp\/v2\/types\/post"}],"author":[{"embeddable":true,"href":"https:\/\/encuentroinformativo.com.mx\/index.php?rest_route=\/wp\/v2\/users\/1"}],"replies":[{"embeddable":true,"href":"https:\/\/encuentroinformativo.com.mx\/index.php?rest_route=%2Fwp%2Fv2%2Fcomments&post=11636"}],"version-history":[{"count":1,"href":"https:\/\/encuentroinformativo.com.mx\/index.php?rest_route=\/wp\/v2\/posts\/11636\/revisions"}],"predecessor-version":[{"id":11638,"href":"https:\/\/encuentroinformativo.com.mx\/index.php?rest_route=\/wp\/v2\/posts\/11636\/revisions\/11638"}],"wp:featuredmedia":[{"embeddable":true,"href":"https:\/\/encuentroinformativo.com.mx\/index.php?rest_route=\/wp\/v2\/media\/11637"}],"wp:attachment":[{"href":"https:\/\/encuentroinformativo.com.mx\/index.php?rest_route=%2Fwp%2Fv2%2Fmedia&parent=11636"}],"wp:term":[{"taxonomy":"category","embeddable":true,"href":"https:\/\/encuentroinformativo.com.mx\/index.php?rest_route=%2Fwp%2Fv2%2Fcategories&post=11636"},{"taxonomy":"post_tag","embeddable":true,"href":"https:\/\/encuentroinformativo.com.mx\/index.php?rest_route=%2Fwp%2Fv2%2Ftags&post=11636"}],"curies":[{"name":"wp","href":"https:\/\/api.w.org\/{rel}","templated":true}]}}