{"id":11643,"date":"2021-03-02T14:38:42","date_gmt":"2021-03-02T20:38:42","guid":{"rendered":"https:\/\/encuentroinformativo.com.mx\/?p=11643"},"modified":"2021-03-02T14:38:44","modified_gmt":"2021-03-02T20:38:44","slug":"alianza-sin-definir-candidato-para-xalapa-pan","status":"publish","type":"post","link":"https:\/\/encuentroinformativo.com.mx\/?p=11643","title":{"rendered":"Alianza sin definir candidato para Xalapa: PAN"},"content":{"rendered":"\n<p><strong>Juan Arcos<\/strong> <\/p>\n\n\n\n<p>Xalapa, Ver.- La designaci\u00f3n de la candidatura a la presidencia municipal de Xalapa contin\u00faa en la mesa de negociaci\u00f3n de la coalici\u00f3n \u201cVeracruz Va\u201d, que integran el Partido Acci\u00f3n Nacional (PAN), Partido Revolucionario Institucional (PRI) y el Partido de la Revoluci\u00f3n Democr\u00e1tica (PRD).<\/p>\n\n\n\n<p>El dirigente estatal del PAN, Joaqu\u00edn Guzm\u00e1n Avil\u00e9s, expres\u00f3 que las encuestas mostrar\u00e1n qui\u00e9n ser\u00eda el candidato que garantice el mayor n\u00famero de votos en la elecci\u00f3n del pr\u00f3ximo 6 de junio.<\/p>\n\n\n\n<p><strong>\u201cXalapa todav\u00eda es un tema que est\u00e1 en la mesa, que se est\u00e1 revisando<\/strong> y en su momento se dar\u00e1 a conocer la situaci\u00f3n. Esto es importante porque Veracruz necesita un cambio, igual que en el pa\u00eds, un equilibrio de fuerzas, dentro del gobierno. La misma ciudadan\u00eda nos ha pedido que se haga esta coalici\u00f3n. No se trata de ganar por ganar, sino de equilibrar la situaci\u00f3n pol\u00edtica\u201d, expres\u00f3.<\/p>\n\n\n\n<p>Acompa\u00f1ado de los l\u00edderes estatales del PRI y PRD, Marlon Ram\u00edrez Mar\u00edn y Sergio Cadena Mart\u00ednez, respectivamente, se\u00f1al\u00f3 que el \u00e9xito de los candidatos aliancistas permitir\u00e1 solucionar los graves problemas sociales, de inseguridad, econ\u00f3micos y de salud que se viven en Xalapa y en todo el territorio veracruzano.<\/p>\n\n\n\n<p>\u201cReitero, no estamos buscando lograr un triunfo por el triunfo, sino un equilibrio que quieren los veracruzanos. Eso es lo que queremos, que Veracruz sea un estado que va creciendo y desarroll\u00e1ndose\u201d.<\/p>\n\n\n\n<p>Sobre el triunfo del panista Sergio Hern\u00e1ndez en la elecci\u00f3n interna, asegur\u00f3 que en su momento se har\u00e1 la inscripci\u00f3n ante el Organismo P\u00fablico Local Electoral (OPLE); sin embargo, deber\u00e1n esperar a la determinaci\u00f3n en la mesa de negociaci\u00f3n de la alianza.<\/p>\n\n\n\n<p>\u201cHay diferencias que se pueden dar en muchos lados y es el partido el que lo determina y es precisamente la alianza la que lo determina, la negociaci\u00f3n y sobre todo el ver el resultado en las encuestas y qu\u00e9 ser\u00e1 mejor para el resultado total de una alianza\u201d, enfatiz\u00f3.\u00a0<\/p>\n\n\n\n<p>Hasta la fecha, la coalici\u00f3n \u201cVeracruz Va\u201d tiene registrados 90 municipios en todo el territorio veracruzano, 30 para cada partido pol\u00edtico.&nbsp;<br>De acuerdo con el plazo establecido por el \u00e1rbitro electoral, entre el 2 y 16 de abril tendr\u00e1n que definir el resto de los municipios que competir\u00e1n con candidatos aliancistas.<\/p>\n","protected":false},"excerpt":{"rendered":"<p>Juan Arcos Xalapa, Ver.- La designaci\u00f3n de la candidatura a la presidencia municipal de Xalapa contin\u00faa en la mesa de negociaci\u00f3n de la coalici\u00f3n \u201cVeracruz Va\u201d, que integran el Partido Acci\u00f3n Nacional (PAN), Partido Revolucionario Institucional (PRI) y el Partido de la Revoluci\u00f3n Democr\u00e1tica (PRD). El dirigente estatal del PAN, Joaqu\u00edn Guzm\u00e1n Avil\u00e9s, expres\u00f3 que [&hellip;]<\/p>\n","protected":false},"author":1,"featured_media":11333,"comment_status":"open","ping_status":"open","sticky":false,"template":"","format":"standard","meta":{"_jetpack_memberships_contains_paid_content":false,"footnotes":""},"categories":[3],"tags":[],"class_list":["post-11643","post","type-post","status-publish","format-standard","has-post-thumbnail","hentry","category-xalapa"],"jetpack_featured_media_url":"https:\/\/encuentroinformativo.com.mx\/wp-content\/uploads\/2021\/02\/A4A25AC7-4834-429F-9F32-232F30478C3D.jpeg","jetpack_sharing_enabled":true,"jetpack_likes_enabled":true,"amp_enabled":true,"_links":{"self":[{"href":"https:\/\/encuentroinformativo.com.mx\/index.php?rest_route=\/wp\/v2\/posts\/11643","targetHints":{"allow":["GET"]}}],"collection":[{"href":"https:\/\/encuentroinformativo.com.mx\/index.php?rest_route=\/wp\/v2\/posts"}],"about":[{"href":"https:\/\/encuentroinformativo.com.mx\/index.php?rest_route=\/wp\/v2\/types\/post"}],"author":[{"embeddable":true,"href":"https:\/\/encuentroinformativo.com.mx\/index.php?rest_route=\/wp\/v2\/users\/1"}],"replies":[{"embeddable":true,"href":"https:\/\/encuentroinformativo.com.mx\/index.php?rest_route=%2Fwp%2Fv2%2Fcomments&post=11643"}],"version-history":[{"count":1,"href":"https:\/\/encuentroinformativo.com.mx\/index.php?rest_route=\/wp\/v2\/posts\/11643\/revisions"}],"predecessor-version":[{"id":11644,"href":"https:\/\/encuentroinformativo.com.mx\/index.php?rest_route=\/wp\/v2\/posts\/11643\/revisions\/11644"}],"wp:featuredmedia":[{"embeddable":true,"href":"https:\/\/encuentroinformativo.com.mx\/index.php?rest_route=\/wp\/v2\/media\/11333"}],"wp:attachment":[{"href":"https:\/\/encuentroinformativo.com.mx\/index.php?rest_route=%2Fwp%2Fv2%2Fmedia&parent=11643"}],"wp:term":[{"taxonomy":"category","embeddable":true,"href":"https:\/\/encuentroinformativo.com.mx\/index.php?rest_route=%2Fwp%2Fv2%2Fcategories&post=11643"},{"taxonomy":"post_tag","embeddable":true,"href":"https:\/\/encuentroinformativo.com.mx\/index.php?rest_route=%2Fwp%2Fv2%2Ftags&post=11643"}],"curies":[{"name":"wp","href":"https:\/\/api.w.org\/{rel}","templated":true}]}}