{"id":11650,"date":"2021-03-03T09:17:58","date_gmt":"2021-03-03T15:17:58","guid":{"rendered":"https:\/\/encuentroinformativo.com.mx\/?p=11650"},"modified":"2021-03-03T09:18:01","modified_gmt":"2021-03-03T15:18:01","slug":"demandan-cambios-de-adscripcion-amanece-tomada-la-sev","status":"publish","type":"post","link":"https:\/\/encuentroinformativo.com.mx\/?p=11650","title":{"rendered":"Demandan cambios de adscripci\u00f3n, amanece tomada la SEV"},"content":{"rendered":"\n<p><strong>Juan Arcos <\/strong><\/p>\n\n\n\n<p>Xalapa, Ver.- Las oficinas centrales de la Secretar\u00eda de Educaci\u00f3n de Veracruz (SEV) amanecieron tomadas este mi\u00e9rcoles 3 de marzo por integrantes del Sindicato Innovador Magisterial Veracruzano (Simve), quienes denunciaron el incumplimiento de acuerdos por parte de las autoridades educativas.<\/p>\n\n\n\n<p>El secretario general de Simve, Gerardo Vel\u00e1zquez Maravert, record\u00f3 que el pasado 6 diciembre hubo acuerdos con autoridades de la dependencia estatal para el otorgamiento de 15 cambios de adscripci\u00f3n; sin embargo, est\u00e1n por concluir los tiempos y no se han concretado.<\/p>\n\n\n\n<p>\u201cNos parece grave por las fechas. Era atender los pendientes de cambios de adscripci\u00f3n, es cuando los maestros solicitan un cambio para un lugar que les quede m\u00e1s cerca de su lugar de residencia\u201d.<\/p>\n\n\n\n<p>El entrevistado detall\u00f3 que en la Oficial\u00eda Mayor de la SEV les informan que se ha estado trabajando al respecto pero, hasta el momento , a\u00fan no hay nada concreto y, por ello, los docentes decidieron manifestarse.<\/p>\n\n\n\n<p>El l\u00edder sindical mencion\u00f3 que tambi\u00e9n es necesario aterrizar el tema sobre el \u201ctecho presupuestal\u201d en la SEV para recategorizaciones del personal homologado.<\/p>\n\n\n\n<p>\u201cEsos son dos temas importantes que est\u00e1n al aire y es por eso que venimos a hacer una toma pac\u00edfica y con la voluntad de di\u00e1logo\u201d.<\/p>\n\n\n\n<p>Vel\u00e1zquez Maravert indic\u00f3 que tambi\u00e9n hay pagos pendientes por parte de la SEV, tema que tambi\u00e9n ser\u00eda abordado en una mesa de di\u00e1logo con autoridades educativas.<\/p>\n\n\n\n<p>Los profesores, provenientes de distintos puntos del estado, amagaron con tomar las oficinas centrales de la SEV, de forma indefinida, hasta que sean atendidas sus demandas.<\/p>\n","protected":false},"excerpt":{"rendered":"<p>Juan Arcos Xalapa, Ver.- Las oficinas centrales de la Secretar\u00eda de Educaci\u00f3n de Veracruz (SEV) amanecieron tomadas este mi\u00e9rcoles 3 de marzo por integrantes del Sindicato Innovador Magisterial Veracruzano (Simve), quienes denunciaron el incumplimiento de acuerdos por parte de las autoridades educativas. El secretario general de Simve, Gerardo Vel\u00e1zquez Maravert, record\u00f3 que el pasado 6 [&hellip;]<\/p>\n","protected":false},"author":1,"featured_media":11651,"comment_status":"open","ping_status":"open","sticky":false,"template":"","format":"standard","meta":{"_jetpack_memberships_contains_paid_content":false,"footnotes":""},"categories":[3],"tags":[],"class_list":["post-11650","post","type-post","status-publish","format-standard","has-post-thumbnail","hentry","category-xalapa"],"jetpack_featured_media_url":"https:\/\/encuentroinformativo.com.mx\/wp-content\/uploads\/2021\/03\/FABA35C4-F195-4231-87FC-63F41CFA6F8D.jpeg","jetpack_sharing_enabled":true,"jetpack_likes_enabled":true,"amp_enabled":true,"_links":{"self":[{"href":"https:\/\/encuentroinformativo.com.mx\/index.php?rest_route=\/wp\/v2\/posts\/11650","targetHints":{"allow":["GET"]}}],"collection":[{"href":"https:\/\/encuentroinformativo.com.mx\/index.php?rest_route=\/wp\/v2\/posts"}],"about":[{"href":"https:\/\/encuentroinformativo.com.mx\/index.php?rest_route=\/wp\/v2\/types\/post"}],"author":[{"embeddable":true,"href":"https:\/\/encuentroinformativo.com.mx\/index.php?rest_route=\/wp\/v2\/users\/1"}],"replies":[{"embeddable":true,"href":"https:\/\/encuentroinformativo.com.mx\/index.php?rest_route=%2Fwp%2Fv2%2Fcomments&post=11650"}],"version-history":[{"count":1,"href":"https:\/\/encuentroinformativo.com.mx\/index.php?rest_route=\/wp\/v2\/posts\/11650\/revisions"}],"predecessor-version":[{"id":11652,"href":"https:\/\/encuentroinformativo.com.mx\/index.php?rest_route=\/wp\/v2\/posts\/11650\/revisions\/11652"}],"wp:featuredmedia":[{"embeddable":true,"href":"https:\/\/encuentroinformativo.com.mx\/index.php?rest_route=\/wp\/v2\/media\/11651"}],"wp:attachment":[{"href":"https:\/\/encuentroinformativo.com.mx\/index.php?rest_route=%2Fwp%2Fv2%2Fmedia&parent=11650"}],"wp:term":[{"taxonomy":"category","embeddable":true,"href":"https:\/\/encuentroinformativo.com.mx\/index.php?rest_route=%2Fwp%2Fv2%2Fcategories&post=11650"},{"taxonomy":"post_tag","embeddable":true,"href":"https:\/\/encuentroinformativo.com.mx\/index.php?rest_route=%2Fwp%2Fv2%2Ftags&post=11650"}],"curies":[{"name":"wp","href":"https:\/\/api.w.org\/{rel}","templated":true}]}}