{"id":11653,"date":"2021-03-03T09:57:35","date_gmt":"2021-03-03T15:57:35","guid":{"rendered":"https:\/\/encuentroinformativo.com.mx\/?p=11653"},"modified":"2021-03-03T09:57:37","modified_gmt":"2021-03-03T15:57:37","slug":"el-capricho-de-alito-en-veracruz","status":"publish","type":"post","link":"https:\/\/encuentroinformativo.com.mx\/?p=11653","title":{"rendered":"EL CAPRICHO DE ALITO EN VERACRUZ"},"content":{"rendered":"\n<p><strong>@pablojair<\/strong><\/p>\n\n\n\n<ul class=\"wp-block-list\"><li>Nada definido en el PAN para la alcald\u00eda de Veracruz.<\/li><li>Localizados los cubanos &#8220;desaparecidos&#8221; en la frontera.<\/li><li>La l\u00f3gica gringa para no compartir vacunas.<\/li><\/ul>\n\n\n\n<p>Es de risa que el PRIANRD hable de corrupci\u00f3n como si<br>tuviesen la autoridad moral para hacerlo. La neta, padre.<br>&#8211;Chopenjawer<\/p>\n\n\n\n<p>Alto Lucero es un municipio grande que abarca de costa a monta\u00f1a. Su cabecera municipal es un poblado muy pintoresco en la zona central de Veracruz, famoso por la popular cantante Paquita del Barrio (hoy candidata por Movimiento Ciudadano), su deliciosa gastronom\u00eda y su dedicaci\u00f3n a la ganader\u00eda. Es llamado oficialmente &#8220;Alto Lucero de Guti\u00e9rrez Barrios&#8221;, porque el exgobernador y hombre leyenda fue quien les hizo la principal carretera de acceso.<\/p>\n\n\n\n<p>Otra fama que tiene Alto Lucero es que las mujeres de este lugar son muy hermosas, pues son descendientes de espa\u00f1oles, italianos y franceses que llegaron a esta zona para establecer granjas y huertos. En lo general, mucha poblaci\u00f3n (especialmente de la monta\u00f1a) son gente blanca y tienen rasgos distintivos a los que conocemos como los &#8220;g\u00fceros&#8221; de rancho.<\/p>\n\n\n\n<p>A Minatitl\u00e1n &#8211;donde en la pilar del bautismo dicen que cantaron los ruise\u00f1ores el d\u00eda que nac\u00ed&#8211; llegaron a radicar varias familias de Alto Lucero, mismas que se dedican al ganado porcino, entre otras actividades; hasta el d\u00eda de hoy, los tacos de cochinita m\u00e1s sabrosos del mundo se encuentran ah\u00ed en esa ciudad petrolera y es gracias a los altolucerences.<\/p>\n\n\n\n<p>A pesar de su extenso territorio, los poblados en realidad son peque\u00f1os y de poca votaci\u00f3n; conocedores de la zona dicen que ganando la cabecera municipal y la comunidad Palma Sola con eso se saca una elecci\u00f3n; que incluso en el pueblo principal apenas se juntan 5 mil votos, cuando una colonia como Lomas Verdes, en Xalapa, son 10 mil.<\/p>\n\n\n\n<p>Alguna magia debe tener Alto Lucero que &#8211;dicen fuentes del lugar&#8211; hay mucho inter\u00e9s hasta de nivel nacional para obtener la silla municipal, hoy en manos de Nueva Alianza con el alcalde Javier Castillo Viveros.<\/p>\n\n\n\n<p>Resulta que desde Campeche &#8211;casualmente estado natal del dirigente nacional del PRI, Alejandro Moreno C\u00e1rdenas&#8211; mandan como candidato del tricolor a un l\u00edder petrolero llamado Juan Viveros Castillo, quien tambi\u00e9n es primo del actual alcalde (\u00bfse da cuenta que tiene los apellidos volteados).<\/p>\n\n\n\n<p>Comentan all\u00e1 en Alto Lucero que Juan Viveros ha llegado como los petroleros en sus buenos tiempos: derrochando billete, mostrando el m\u00fasculo econ\u00f3mico. Hay versiones de que hay tanta lana de este se\u00f1or, que hasta va a cooperar para la campa\u00f1a de candidatos a diputados en la regi\u00f3n; se habla en particular de los distritos de Misantla y Xalapa Rural.<\/p>\n\n\n\n<p>\u00bfY de d\u00f3nde tanta fortuna? Pues basta consultar en San Google, y uno podr\u00e1 ver que estuvo durante mucho tiempo como secretario general del sindicato petrolero en Campeche, aunque se menciona como de or\u00edgenes veracruzanos.<\/p>\n\n\n\n<p>Uno que estaba haciendo fuerte competencia a Viveros Castillo era Demetrio Dom\u00ednguez Barradas, a quien vinculan con el priista-verde-uloquesea Jorge Carvallo Delf\u00edn, tambi\u00e9n exdirigente estatal del PRI, exdiputado y funcionario de alto nivel en los tiempos de Fidel Herrera y Javier Duarte.<\/p>\n\n\n\n<p>En el imaginario colectivo o chisme de pueblo, se dice que este precandidato es ligado a Carvallo porque lleva como s\u00edndica en su planilla a una mujer muy cercana al exlegislador local. Hay datos de que Demetrio en realidad tiene poca fuerza a pesar de ser originario de una comunidad llamada La Reforma.<\/p>\n\n\n\n<p>Hay que mencionar que en Alto Lucero la alianza PRI-PAN-PRD no ha podido concretarse y es probable que no salga avante; luego entonces, el PRI va solo y por eso la disputa entre precandidatos. El PAN no hace ruido y en teor\u00eda (de hacerse la coalici\u00f3n) le tocar\u00eda al PRD, que tambi\u00e9n est\u00e1 d\u00e9bil.<\/p>\n\n\n\n<p>Hace unos d\u00edas se supo que ya finalmente Demetrio Dominguez se acerc\u00f3 al aspirante del PRD, Octavio Romero Gonz\u00e1lez; otra persona sin arraigo: ha sido alcalde de Tepetl\u00e1n y actualmente su hermano Carlos preside el Ayuntamiento, desde donde presuntamente &#8220;refaccionan&#8221; al aspirante.<\/p>\n\n\n\n<p>Juan Viveros, sobra decirlo, tendr\u00e1 apoyo del actual alcalde, su pariente, con todo el visto bueno de la dirigencia nacional que encabeza el famoso &#8220;Alito&#8221;.<\/p>\n\n\n\n<p>Basta decir que el sindicato petrolero (de donde proviene el virtual candidato del PRI) por a\u00f1os ha sido el sost\u00e9n principal del Revolucionario Institucional, pagando las campa\u00f1as de sus candidatos en municipios, distritos, estados y hasta presidenciales.<\/p>\n\n\n\n<p>Con esto, al parecer le est\u00e1n apostando al viejo estilo de usar mucho billete, recurriendo al representante de un viejo aliado (el sindicato petrolero) y con la bendici\u00f3n nacional de Alito, como en los viejos tiempos del priato del voto corporativo, cuando se ejerc\u00eda el poder en manos de los desaparecidos l\u00edderes Joaqu\u00edn Hern\u00e1ndez Galicia o Sebasti\u00e1n Guzm\u00e1n Cabrera, famosos por los bacanales y excesos como el de vestir de mujeres a sus colaboradores e invitados nom\u00e1s por el puro af\u00e1n de ridiculizarlos.<\/p>\n\n\n\n<p><strong>NOTA PARA PEGAR EN EL REFRI:<\/strong> Ser\u00e1 la Comisi\u00f3n de Justicia del Comit\u00e9 Ejecutivo Nacional del Partido Acci\u00f3n Nacional (PAN) la que determinar\u00e1 la validez de la elecci\u00f3n interna del candidato a la presidencia municipal de Veracruz, inform\u00f3 el dirigente estatal del PAN, Joaqu\u00edn Guzm\u00e1n Avil\u00e9s. Por lo anterior, nada est\u00e1 definido a\u00fan en el puerto, afirm\u00f3 el famoso &#8220;Chapito&#8221;.<\/p>\n\n\n\n<p><strong>OTRA NOTA: <\/strong>Que ya fueron localizados en la frontera con Estados Unidos los estudiantes cubanos Carmen Dianeyz Boza Banguela, de 32 a\u00f1os, Yuri Lorenzo Torre, de 41, y Mercedes D\u00edaz G\u00f3mez, de 30, quienes hab\u00edan sido reportados como &#8220;desaparecidos&#8221;. La verdad es que sencillamente buscaban desertar, un recurso muy com\u00fan usado por los cubanos cuando est\u00e1n en suelo mexicano para no regresar a su patria e insertarse en Estados Unidos.<\/p>\n\n\n\n<p><strong>NOTA PARA PEGAR EN EL REFRI:<\/strong> Tiene una poderosa l\u00f3gica que Estados Unidos todav\u00eda no decida o no quiera compartir sus vacunas contra el Covid19, por mucha simpat\u00eda que muestre el presidente Joe Biden a M\u00e9xico y la Virgen de Guadalupe (con lo que ya se gan\u00f3 el coraz\u00f3n de medio M\u00e9xico). Los gringos est\u00e1n concentrados en atender a su gente, a su pueblo, que adem\u00e1s es el m\u00e1s infectado y con m\u00e1s muertes en el mundo, luego de una irresponsable pol\u00edtica del expresidente Donald Trump de no tomar en serio la pandemia\u2026 La verdad que el gobierno pidi\u00e9ndole chichi al gabacho es contradictorio a los tiempos de la Cuarta Transformeishion, que se supone tiene animadversi\u00f3n por el &#8220;imperialismo&#8221;.<\/p>\n","protected":false},"excerpt":{"rendered":"<p>@pablojair Nada definido en el PAN para la alcald\u00eda de Veracruz. Localizados los cubanos &#8220;desaparecidos&#8221; en la frontera. La l\u00f3gica gringa para no compartir vacunas. Es de risa que el PRIANRD hable de corrupci\u00f3n como situviesen la autoridad moral para hacerlo. La neta, padre.&#8211;Chopenjawer Alto Lucero es un municipio grande que abarca de costa a [&hellip;]<\/p>\n","protected":false},"author":1,"featured_media":488,"comment_status":"open","ping_status":"open","sticky":false,"template":"","format":"standard","meta":{"_jetpack_memberships_contains_paid_content":false,"footnotes":""},"categories":[11],"tags":[],"class_list":["post-11653","post","type-post","status-publish","format-standard","has-post-thumbnail","hentry","category-opinion"],"jetpack_featured_media_url":"https:\/\/encuentroinformativo.com.mx\/wp-content\/uploads\/2020\/03\/F471F608-BA1A-416B-BA7B-BCFB24F4E6D0.jpeg","jetpack_sharing_enabled":true,"jetpack_likes_enabled":true,"amp_enabled":true,"_links":{"self":[{"href":"https:\/\/encuentroinformativo.com.mx\/index.php?rest_route=\/wp\/v2\/posts\/11653","targetHints":{"allow":["GET"]}}],"collection":[{"href":"https:\/\/encuentroinformativo.com.mx\/index.php?rest_route=\/wp\/v2\/posts"}],"about":[{"href":"https:\/\/encuentroinformativo.com.mx\/index.php?rest_route=\/wp\/v2\/types\/post"}],"author":[{"embeddable":true,"href":"https:\/\/encuentroinformativo.com.mx\/index.php?rest_route=\/wp\/v2\/users\/1"}],"replies":[{"embeddable":true,"href":"https:\/\/encuentroinformativo.com.mx\/index.php?rest_route=%2Fwp%2Fv2%2Fcomments&post=11653"}],"version-history":[{"count":1,"href":"https:\/\/encuentroinformativo.com.mx\/index.php?rest_route=\/wp\/v2\/posts\/11653\/revisions"}],"predecessor-version":[{"id":11654,"href":"https:\/\/encuentroinformativo.com.mx\/index.php?rest_route=\/wp\/v2\/posts\/11653\/revisions\/11654"}],"wp:featuredmedia":[{"embeddable":true,"href":"https:\/\/encuentroinformativo.com.mx\/index.php?rest_route=\/wp\/v2\/media\/488"}],"wp:attachment":[{"href":"https:\/\/encuentroinformativo.com.mx\/index.php?rest_route=%2Fwp%2Fv2%2Fmedia&parent=11653"}],"wp:term":[{"taxonomy":"category","embeddable":true,"href":"https:\/\/encuentroinformativo.com.mx\/index.php?rest_route=%2Fwp%2Fv2%2Fcategories&post=11653"},{"taxonomy":"post_tag","embeddable":true,"href":"https:\/\/encuentroinformativo.com.mx\/index.php?rest_route=%2Fwp%2Fv2%2Ftags&post=11653"}],"curies":[{"name":"wp","href":"https:\/\/api.w.org\/{rel}","templated":true}]}}