{"id":11655,"date":"2021-03-03T10:13:20","date_gmt":"2021-03-03T16:13:20","guid":{"rendered":"https:\/\/encuentroinformativo.com.mx\/?p=11655"},"modified":"2021-03-03T10:13:23","modified_gmt":"2021-03-03T16:13:23","slug":"aprobo-senado-reforma-electrica","status":"publish","type":"post","link":"https:\/\/encuentroinformativo.com.mx\/?p=11655","title":{"rendered":"Aprob\u00f3 Senado Reforma El\u00e9ctrica"},"content":{"rendered":"\n<p><strong>Juan Arcos <\/strong><\/p>\n\n\n\n<p>Xalapa, Ver.- Aunque especialistas y empresarios consideran que la reforma el\u00e9ctrica \u201cno privilegia a las familias y a los usuarios y su aprobaci\u00f3n va en contra de la econom\u00eda y de la salud de los mexicanos\u201d, el Senado de la Rep\u00fablica aprob\u00f3 en lo general, con 68 votos a favor y 58 en contra, las modificaciones a la Ley de la Industria El\u00e9ctrica que propuso el presidente de la Rep\u00fablica, Andr\u00e9s Manuel L\u00f3pez Obrador.<\/p>\n\n\n\n<p>De los senadores veracruzanos, destac\u00f3 el voto a favor del morenista Ricardo Ahued Bardahuil, quien a pesar de que en el discurso ha exigido a la Comisi\u00f3n Federal de Electricidad (CFE) reducir las altas tarifas de consumo el\u00e9ctrico en la entidad, ahora respalda una ley que presuntamente afectar\u00e1 m\u00e1s la econom\u00eda de la poblaci\u00f3n y del empresariado en particular.<\/p>\n\n\n\n<p>Por su parte, el legislador del Partido Acci\u00f3n Nacional (PAN), Julen Rementer\u00eda del Puerto, lament\u00f3 la decisi\u00f3n del grupo mayoritario y sus aliados de aprobar una Ley que afectar\u00e1 la econom\u00eda familiar y el futuro del pa\u00eds.<\/p>\n\n\n\n<p>\u201cLamento much\u00edsimo que esto se d\u00e9 as\u00ed, y ojal\u00e1 me equivoque, pero lo que plantea es un panorama de mayor costo de energ\u00eda, por supuesto de incumplimientos a tratados internacionales, que, seguramente ser\u00e1 combatido en tribunales y seguramente perder\u00e1. Tambi\u00e9n porque plantea un escenario de energ\u00eda insuficiente al no haber competidores para dar prioridad a la empresa estatal\u201d, expres\u00f3.<\/p>\n\n\n\n<p>El Senador veracruzano reproch\u00f3 que, en \u201cfast track\u201d, el grupo mayoritario del Movimiento de Regeneraci\u00f3n Nacional (Morena) y sus aliados Partido del Trabajo (PT) y el Partido Encuentro Social (PES), avalaron la minuta y rechazaron la solicitud de la oposici\u00f3n (PAN, PRI, MC, PVEM y PRD) de realizar un parlamento abierto para discutir la reforma y dar la cara a la naci\u00f3n, sin parecer que se hace a escondidas y con demasiada prisa.<\/p>\n","protected":false},"excerpt":{"rendered":"<p>Juan Arcos Xalapa, Ver.- Aunque especialistas y empresarios consideran que la reforma el\u00e9ctrica \u201cno privilegia a las familias y a los usuarios y su aprobaci\u00f3n va en contra de la econom\u00eda y de la salud de los mexicanos\u201d, el Senado de la Rep\u00fablica aprob\u00f3 en lo general, con 68 votos a favor y 58 en [&hellip;]<\/p>\n","protected":false},"author":1,"featured_media":6509,"comment_status":"open","ping_status":"open","sticky":false,"template":"","format":"standard","meta":{"_jetpack_memberships_contains_paid_content":false,"footnotes":""},"categories":[12],"tags":[],"class_list":["post-11655","post","type-post","status-publish","format-standard","has-post-thumbnail","hentry","category-nacional"],"jetpack_featured_media_url":"https:\/\/encuentroinformativo.com.mx\/wp-content\/uploads\/2020\/10\/senado-3.jpg","jetpack_sharing_enabled":true,"jetpack_likes_enabled":true,"amp_enabled":true,"_links":{"self":[{"href":"https:\/\/encuentroinformativo.com.mx\/index.php?rest_route=\/wp\/v2\/posts\/11655","targetHints":{"allow":["GET"]}}],"collection":[{"href":"https:\/\/encuentroinformativo.com.mx\/index.php?rest_route=\/wp\/v2\/posts"}],"about":[{"href":"https:\/\/encuentroinformativo.com.mx\/index.php?rest_route=\/wp\/v2\/types\/post"}],"author":[{"embeddable":true,"href":"https:\/\/encuentroinformativo.com.mx\/index.php?rest_route=\/wp\/v2\/users\/1"}],"replies":[{"embeddable":true,"href":"https:\/\/encuentroinformativo.com.mx\/index.php?rest_route=%2Fwp%2Fv2%2Fcomments&post=11655"}],"version-history":[{"count":1,"href":"https:\/\/encuentroinformativo.com.mx\/index.php?rest_route=\/wp\/v2\/posts\/11655\/revisions"}],"predecessor-version":[{"id":11656,"href":"https:\/\/encuentroinformativo.com.mx\/index.php?rest_route=\/wp\/v2\/posts\/11655\/revisions\/11656"}],"wp:featuredmedia":[{"embeddable":true,"href":"https:\/\/encuentroinformativo.com.mx\/index.php?rest_route=\/wp\/v2\/media\/6509"}],"wp:attachment":[{"href":"https:\/\/encuentroinformativo.com.mx\/index.php?rest_route=%2Fwp%2Fv2%2Fmedia&parent=11655"}],"wp:term":[{"taxonomy":"category","embeddable":true,"href":"https:\/\/encuentroinformativo.com.mx\/index.php?rest_route=%2Fwp%2Fv2%2Fcategories&post=11655"},{"taxonomy":"post_tag","embeddable":true,"href":"https:\/\/encuentroinformativo.com.mx\/index.php?rest_route=%2Fwp%2Fv2%2Ftags&post=11655"}],"curies":[{"name":"wp","href":"https:\/\/api.w.org\/{rel}","templated":true}]}}