{"id":11664,"date":"2021-03-03T12:44:00","date_gmt":"2021-03-03T18:44:00","guid":{"rendered":"https:\/\/encuentroinformativo.com.mx\/?p=11664"},"modified":"2021-03-03T12:44:18","modified_gmt":"2021-03-03T18:44:18","slug":"integrantes-de-frena-buscaran-juicio-ciudadano-contra-amlo","status":"publish","type":"post","link":"https:\/\/encuentroinformativo.com.mx\/?p=11664","title":{"rendered":"Integrantes de FRENA buscar\u00e1n juicio ciudadano contra AMLO"},"content":{"rendered":"\n<p><strong>Dar\u00edo Pale <\/strong><\/p>\n\n\n\n<p>Xalapa, Ver.- Hilda Salda\u00f1a Olmos integrante del Frente Nacional Anti-AMLO (FRENA), dio a conocer que debido a que\u00a0no lograron que alguna instituci\u00f3n de justicia diera entrada a su demanda para enjuiciar al presidente Andr\u00e9s Manuel L\u00f3pez Obrador, integrantes dicho movimiento se\u00f1alaron que recurrir\u00e1n al &#8220;juicio ciudadano&#8221;, pues lo responsabilizan entre otras cosas, de las muertes ocasionadas por Covid-19 en el pa\u00eds.<\/p>\n\n\n\n<p>En conferencia de prensa realizada en conocido caf\u00e9 del centro de Xalapa, se\u00f1alaron que,\u00a0&#8220;este hombre tiene por lo menos tres delitos acreditables, que son: traici\u00f3n a la patria, liber\u00f3 a un detenido y adem\u00e1s cr\u00edmenes de lesa humanidad por todos los muertos que ha ocasionado por su mal manejo de la pandemia, por la falta de medicamos contra el c\u00e1ncer&#8221;.<\/p>\n\n\n\n<p>El llamado &#8220;mega juicio nacional&#8221; tendr\u00e1 lugar el pr\u00f3ximo 21 de marzo en la Ciudad de M\u00e9xico, iniciando con una marcha que partir\u00e1 del \u00c1ngel de la Independencia a las 10 de la ma\u00f1ana y concluir\u00e1 en el Monumento a la Revoluci\u00f3n.<\/p>\n\n\n\n<p>Adem\u00e1s, esta din\u00e1mica de replicar\u00e1 en los estados, en el caso de Veracruz ser\u00e1 el domingo 14 en la plaza Sebasti\u00e1n Lerdo de Tejada, donde se dar\u00e1n cita habitantes de C\u00f3rdoba, Veracruz y Boca del R\u00edo.<\/p>\n\n\n\n<p>Finalmente los integrantes de FRENA argumentaron que ni las c\u00e1maras de legisladores ni las instituciones de participaci\u00f3n i defensa de la justicia son aut\u00f3nomas actualmente para llevar a cuentas al presidente, por lo que dijeron que continuar\u00e1n con este tipo de protestas.<\/p>\n","protected":false},"excerpt":{"rendered":"<p>Dar\u00edo Pale Xalapa, Ver.- Hilda Salda\u00f1a Olmos integrante del Frente Nacional Anti-AMLO (FRENA), dio a conocer que debido a que\u00a0no lograron que alguna instituci\u00f3n de justicia diera entrada a su demanda para enjuiciar al presidente Andr\u00e9s Manuel L\u00f3pez Obrador, integrantes dicho movimiento se\u00f1alaron que recurrir\u00e1n al &#8220;juicio ciudadano&#8221;, pues lo responsabilizan entre otras cosas, de [&hellip;]<\/p>\n","protected":false},"author":1,"featured_media":11665,"comment_status":"open","ping_status":"open","sticky":false,"template":"","format":"standard","meta":{"_jetpack_memberships_contains_paid_content":false,"footnotes":""},"categories":[3],"tags":[],"class_list":["post-11664","post","type-post","status-publish","format-standard","has-post-thumbnail","hentry","category-xalapa"],"jetpack_featured_media_url":"https:\/\/encuentroinformativo.com.mx\/wp-content\/uploads\/2021\/03\/E532DB39-52C8-4616-8570-3FE722E111FC.jpeg","jetpack_sharing_enabled":true,"jetpack_likes_enabled":true,"amp_enabled":true,"_links":{"self":[{"href":"https:\/\/encuentroinformativo.com.mx\/index.php?rest_route=\/wp\/v2\/posts\/11664","targetHints":{"allow":["GET"]}}],"collection":[{"href":"https:\/\/encuentroinformativo.com.mx\/index.php?rest_route=\/wp\/v2\/posts"}],"about":[{"href":"https:\/\/encuentroinformativo.com.mx\/index.php?rest_route=\/wp\/v2\/types\/post"}],"author":[{"embeddable":true,"href":"https:\/\/encuentroinformativo.com.mx\/index.php?rest_route=\/wp\/v2\/users\/1"}],"replies":[{"embeddable":true,"href":"https:\/\/encuentroinformativo.com.mx\/index.php?rest_route=%2Fwp%2Fv2%2Fcomments&post=11664"}],"version-history":[{"count":1,"href":"https:\/\/encuentroinformativo.com.mx\/index.php?rest_route=\/wp\/v2\/posts\/11664\/revisions"}],"predecessor-version":[{"id":11666,"href":"https:\/\/encuentroinformativo.com.mx\/index.php?rest_route=\/wp\/v2\/posts\/11664\/revisions\/11666"}],"wp:featuredmedia":[{"embeddable":true,"href":"https:\/\/encuentroinformativo.com.mx\/index.php?rest_route=\/wp\/v2\/media\/11665"}],"wp:attachment":[{"href":"https:\/\/encuentroinformativo.com.mx\/index.php?rest_route=%2Fwp%2Fv2%2Fmedia&parent=11664"}],"wp:term":[{"taxonomy":"category","embeddable":true,"href":"https:\/\/encuentroinformativo.com.mx\/index.php?rest_route=%2Fwp%2Fv2%2Fcategories&post=11664"},{"taxonomy":"post_tag","embeddable":true,"href":"https:\/\/encuentroinformativo.com.mx\/index.php?rest_route=%2Fwp%2Fv2%2Ftags&post=11664"}],"curies":[{"name":"wp","href":"https:\/\/api.w.org\/{rel}","templated":true}]}}