{"id":11673,"date":"2021-03-03T13:33:12","date_gmt":"2021-03-03T19:33:12","guid":{"rendered":"https:\/\/encuentroinformativo.com.mx\/?p=11673"},"modified":"2021-03-03T13:33:15","modified_gmt":"2021-03-03T19:33:15","slug":"por-ruptura-en-lineas-caev-deja-sin-agua-a-poza-rica","status":"publish","type":"post","link":"https:\/\/encuentroinformativo.com.mx\/?p=11673","title":{"rendered":"Por ruptura en l\u00edneas, CAEV deja sin agua a Poza Rica"},"content":{"rendered":"\n<p><strong>Alejandro \u00c1vila<\/strong><\/p>\n\n\n\n<p>Poza Rica, Ver.- La Comisi\u00f3n de Agua del Estado de Veracruz (CAEV) dejar\u00e1 de sumistrar el servicio de, entre 48 y 72 horas a la ciudad de Poza Rica, debido a una ruptura en la l\u00ednea de conducci\u00f3n de agua de la bocatoma a la planta potabilizadora CAEV.<\/p>\n\n\n\n<p>Esta situaci\u00f3n comenz\u00f3 a afectar a la ciudadan\u00eda desde este mi\u00e9rcoles 3 de marzo.<\/p>\n\n\n\n<p>El personal de la Comisi\u00f3n de Agua del Estado de Veracruz delegaci\u00f3n Poza Rica, ya est\u00e1 realizando las labores de reparaci\u00f3n del tramo afectado, si embargo, las primeras unidades habitacionales afectadas ser\u00e1n las que reciben agua por tandeo de miercoles a viernes.<\/p>\n\n\n\n<p>Si bien no existe una fecha exacta para que se reestablezca el servicio al cien por ciento, se estima que no supere las 72 horas, para evitar una afectaci\u00f3n mayor.<\/p>\n\n\n\n<p>Por tal movito, se invit\u00f3 a la poblaci\u00f3n a usar de forma racionada el agua durante las pr\u00f3ximas horas a fin de evitar un desabasto masivo de agua en la ciudad.<\/p>\n","protected":false},"excerpt":{"rendered":"<p>Alejandro \u00c1vila Poza Rica, Ver.- La Comisi\u00f3n de Agua del Estado de Veracruz (CAEV) dejar\u00e1 de sumistrar el servicio de, entre 48 y 72 horas a la ciudad de Poza Rica, debido a una ruptura en la l\u00ednea de conducci\u00f3n de agua de la bocatoma a la planta potabilizadora CAEV. Esta situaci\u00f3n comenz\u00f3 a afectar [&hellip;]<\/p>\n","protected":false},"author":1,"featured_media":11674,"comment_status":"open","ping_status":"open","sticky":false,"template":"","format":"standard","meta":{"_jetpack_memberships_contains_paid_content":false,"footnotes":""},"categories":[2],"tags":[],"class_list":["post-11673","post","type-post","status-publish","format-standard","has-post-thumbnail","hentry","category-estado"],"jetpack_featured_media_url":"https:\/\/encuentroinformativo.com.mx\/wp-content\/uploads\/2021\/03\/F1A6FC3E-7AA3-41E0-8017-4A6641863596.jpeg","jetpack_sharing_enabled":true,"jetpack_likes_enabled":true,"amp_enabled":true,"_links":{"self":[{"href":"https:\/\/encuentroinformativo.com.mx\/index.php?rest_route=\/wp\/v2\/posts\/11673","targetHints":{"allow":["GET"]}}],"collection":[{"href":"https:\/\/encuentroinformativo.com.mx\/index.php?rest_route=\/wp\/v2\/posts"}],"about":[{"href":"https:\/\/encuentroinformativo.com.mx\/index.php?rest_route=\/wp\/v2\/types\/post"}],"author":[{"embeddable":true,"href":"https:\/\/encuentroinformativo.com.mx\/index.php?rest_route=\/wp\/v2\/users\/1"}],"replies":[{"embeddable":true,"href":"https:\/\/encuentroinformativo.com.mx\/index.php?rest_route=%2Fwp%2Fv2%2Fcomments&post=11673"}],"version-history":[{"count":1,"href":"https:\/\/encuentroinformativo.com.mx\/index.php?rest_route=\/wp\/v2\/posts\/11673\/revisions"}],"predecessor-version":[{"id":11675,"href":"https:\/\/encuentroinformativo.com.mx\/index.php?rest_route=\/wp\/v2\/posts\/11673\/revisions\/11675"}],"wp:featuredmedia":[{"embeddable":true,"href":"https:\/\/encuentroinformativo.com.mx\/index.php?rest_route=\/wp\/v2\/media\/11674"}],"wp:attachment":[{"href":"https:\/\/encuentroinformativo.com.mx\/index.php?rest_route=%2Fwp%2Fv2%2Fmedia&parent=11673"}],"wp:term":[{"taxonomy":"category","embeddable":true,"href":"https:\/\/encuentroinformativo.com.mx\/index.php?rest_route=%2Fwp%2Fv2%2Fcategories&post=11673"},{"taxonomy":"post_tag","embeddable":true,"href":"https:\/\/encuentroinformativo.com.mx\/index.php?rest_route=%2Fwp%2Fv2%2Ftags&post=11673"}],"curies":[{"name":"wp","href":"https:\/\/api.w.org\/{rel}","templated":true}]}}