{"id":11676,"date":"2021-03-03T14:16:04","date_gmt":"2021-03-03T20:16:04","guid":{"rendered":"https:\/\/encuentroinformativo.com.mx\/?p=11676"},"modified":"2021-03-03T14:16:19","modified_gmt":"2021-03-03T20:16:19","slug":"primer-viernes-de-marzo-sera-virtual-anuncian-brujos-de-catemaco","status":"publish","type":"post","link":"https:\/\/encuentroinformativo.com.mx\/?p=11676","title":{"rendered":"Primer viernes de marzo ser\u00e1 virtual, anuncian brujos de Catemaco"},"content":{"rendered":"\n<p><strong>Alejandro \u00c1vila<\/strong><\/p>\n\n\n\n<p>Veracruz, Ver.- Como todos los festejos durante el \u00faltimo a\u00f1o a lo largo de la entidad veracruzana, la celebraci\u00f3n del Primer Viernes de Marzo en San Andr\u00e9s Tuxtla se realizar\u00e1 de forma virtual, mencion\u00f3 en entrevista, \u00c1ngel Blanco maestro en ciencias ocultas y brujo de Catemaco.<\/p>\n\n\n\n<p>Si bien no se detall\u00f3 la afectaci\u00f3n econ\u00f3mica que esto les generar\u00e1, reconoci\u00f3 que desde que inici\u00f3 la pandemia por COVID-19, la entrada de dinero ha sido m\u00ednima, pues ha bajado la afluencia turistica en la zona y evidentemente el ingreso monetario para ellos.<\/p>\n\n\n\n<p>&#8220;No hemos llevado la contabilidad, pero si nos ha afectado, con esto ha bajado el turismo&#8221;, afirm\u00f3.<\/p>\n\n\n\n<p>Expuso que de igual forma la celebraci\u00f3n tendr\u00e1 cambios, pues en otros a\u00f1os hubo participaci\u00f3n de m\u00e1s brujos y este a\u00f1o, de forma virtual, solo lo har\u00e1n dos.<\/p>\n\n\n\n<p>En ese sentido, mencion\u00f3 que en esta ocasi\u00f3n no habr\u00e1 sacrificio de animales, pero se llevar\u00e1n a cabo los rituales que marca la tradici\u00f3n.<\/p>\n\n\n\n<p>Finalmente, dijo que durante los \u00faltimos meses las consultas han sido para pedir protecci\u00f3n sobre el coronavirus, y se predijo que la econom\u00eda en 2021 ser\u00e1 peor que el a\u00f1o pasado.<\/p>\n","protected":false},"excerpt":{"rendered":"<p>Alejandro \u00c1vila Veracruz, Ver.- Como todos los festejos durante el \u00faltimo a\u00f1o a lo largo de la entidad veracruzana, la celebraci\u00f3n del Primer Viernes de Marzo en San Andr\u00e9s Tuxtla se realizar\u00e1 de forma virtual, mencion\u00f3 en entrevista, \u00c1ngel Blanco maestro en ciencias ocultas y brujo de Catemaco. Si bien no se detall\u00f3 la afectaci\u00f3n [&hellip;]<\/p>\n","protected":false},"author":1,"featured_media":11677,"comment_status":"open","ping_status":"open","sticky":false,"template":"","format":"standard","meta":{"_jetpack_memberships_contains_paid_content":false,"footnotes":""},"categories":[2],"tags":[],"class_list":["post-11676","post","type-post","status-publish","format-standard","has-post-thumbnail","hentry","category-estado"],"jetpack_featured_media_url":"https:\/\/encuentroinformativo.com.mx\/wp-content\/uploads\/2021\/03\/389334A6-1A83-473B-A5D9-E4135D6CF499.jpeg","jetpack_sharing_enabled":true,"jetpack_likes_enabled":true,"amp_enabled":true,"_links":{"self":[{"href":"https:\/\/encuentroinformativo.com.mx\/index.php?rest_route=\/wp\/v2\/posts\/11676","targetHints":{"allow":["GET"]}}],"collection":[{"href":"https:\/\/encuentroinformativo.com.mx\/index.php?rest_route=\/wp\/v2\/posts"}],"about":[{"href":"https:\/\/encuentroinformativo.com.mx\/index.php?rest_route=\/wp\/v2\/types\/post"}],"author":[{"embeddable":true,"href":"https:\/\/encuentroinformativo.com.mx\/index.php?rest_route=\/wp\/v2\/users\/1"}],"replies":[{"embeddable":true,"href":"https:\/\/encuentroinformativo.com.mx\/index.php?rest_route=%2Fwp%2Fv2%2Fcomments&post=11676"}],"version-history":[{"count":1,"href":"https:\/\/encuentroinformativo.com.mx\/index.php?rest_route=\/wp\/v2\/posts\/11676\/revisions"}],"predecessor-version":[{"id":11678,"href":"https:\/\/encuentroinformativo.com.mx\/index.php?rest_route=\/wp\/v2\/posts\/11676\/revisions\/11678"}],"wp:featuredmedia":[{"embeddable":true,"href":"https:\/\/encuentroinformativo.com.mx\/index.php?rest_route=\/wp\/v2\/media\/11677"}],"wp:attachment":[{"href":"https:\/\/encuentroinformativo.com.mx\/index.php?rest_route=%2Fwp%2Fv2%2Fmedia&parent=11676"}],"wp:term":[{"taxonomy":"category","embeddable":true,"href":"https:\/\/encuentroinformativo.com.mx\/index.php?rest_route=%2Fwp%2Fv2%2Fcategories&post=11676"},{"taxonomy":"post_tag","embeddable":true,"href":"https:\/\/encuentroinformativo.com.mx\/index.php?rest_route=%2Fwp%2Fv2%2Ftags&post=11676"}],"curies":[{"name":"wp","href":"https:\/\/api.w.org\/{rel}","templated":true}]}}