{"id":11680,"date":"2021-03-03T12:20:04","date_gmt":"2021-03-03T18:20:04","guid":{"rendered":"https:\/\/encuentroinformativo.com.mx\/?p=11680"},"modified":"2021-03-03T14:23:38","modified_gmt":"2021-03-03T20:23:38","slug":"exhumaran-cuerpos-del-panteon-municipal-de-veracruz","status":"publish","type":"post","link":"https:\/\/encuentroinformativo.com.mx\/?p=11680","title":{"rendered":"Exhumar\u00e1n cuerpos del pante\u00f3n municipal de Veracruz"},"content":{"rendered":"\n<p><strong>Alejandro \u00c1vila<\/strong><\/p>\n\n\n\n<p>Veracruz, Ver.- La regidora Rosario Vera, quien preside la comisi\u00f3n de panteones, inform\u00f3 que en breve se har\u00e1 la exhumaci\u00f3n de 710 restos \u00e1ridos de personas que ya cumplieron siete a\u00f1os en el pante\u00f3n municipal.<\/p>\n\n\n\n<p>En caso de no ser reclamados, aclar\u00f3, estos ser\u00e1n enviados a la fosa com\u00fan; aunque explic\u00f3 que los familiares cuentan con diez d\u00edas h\u00e1biles de plazo para realizar los tr\u00e1mites correspondientes, comprar un nicho en el mismo pante\u00f3n municipal, cremarlos o trasladarlos a otro cementerio.<\/p>\n\n\n\n<p>Expuso que en los \u00faltimos a\u00f1os, solo el 20 por ciento de los cuerpos es reclamado por sus familiares, mientras que el resto es destinado a la fosa com\u00fan.<\/p>\n\n\n\n<p>\u201cPor ejemplo, si nos ponemos a ver, ah\u00ed tenemos a los de Do\u00f1a Nico, y si a esa gente sus familiares los olvida en vida, pues sepultados menos se acuerdan de ellos, otros ya no tienen familiares y por una y mil razones la gente ya no acude y desgraciadamente se van a la fosa com\u00fan\u201d, subray\u00f3.<\/p>\n\n\n\n<p>La edil coment\u00f3 que quien desee reclamar a su familiar deber\u00e1 presentarse en el pante\u00f3n municipal para realizar la documentaci\u00f3n correspondiente, la solicitud debe ser realizada por el titular de quien hizo el tr\u00e1mite y posteriormente decidir qu\u00e9 se har\u00e1 con los restos.<\/p>\n\n\n\n<p>La funcionaria municipal, se\u00f1al\u00f3 que estos espacios quedar\u00e1n libres para nuevas sepulturas, ya que dijo de forma diaria hay hasta trece solicitudes de entierros en el pante\u00f3n.<\/p>\n","protected":false},"excerpt":{"rendered":"<p>Alejandro \u00c1vila Veracruz, Ver.- La regidora Rosario Vera, quien preside la comisi\u00f3n de panteones, inform\u00f3 que en breve se har\u00e1 la exhumaci\u00f3n de 710 restos \u00e1ridos de personas que ya cumplieron siete a\u00f1os en el pante\u00f3n municipal. En caso de no ser reclamados, aclar\u00f3, estos ser\u00e1n enviados a la fosa com\u00fan; aunque explic\u00f3 que los [&hellip;]<\/p>\n","protected":false},"author":1,"featured_media":11681,"comment_status":"open","ping_status":"open","sticky":false,"template":"","format":"standard","meta":{"_jetpack_memberships_contains_paid_content":false,"footnotes":""},"categories":[2],"tags":[],"class_list":["post-11680","post","type-post","status-publish","format-standard","has-post-thumbnail","hentry","category-estado"],"jetpack_featured_media_url":"https:\/\/encuentroinformativo.com.mx\/wp-content\/uploads\/2021\/03\/F210C8FC-9DC9-4589-9A34-C57A15CA1374.jpeg","jetpack_sharing_enabled":true,"jetpack_likes_enabled":true,"amp_enabled":true,"_links":{"self":[{"href":"https:\/\/encuentroinformativo.com.mx\/index.php?rest_route=\/wp\/v2\/posts\/11680","targetHints":{"allow":["GET"]}}],"collection":[{"href":"https:\/\/encuentroinformativo.com.mx\/index.php?rest_route=\/wp\/v2\/posts"}],"about":[{"href":"https:\/\/encuentroinformativo.com.mx\/index.php?rest_route=\/wp\/v2\/types\/post"}],"author":[{"embeddable":true,"href":"https:\/\/encuentroinformativo.com.mx\/index.php?rest_route=\/wp\/v2\/users\/1"}],"replies":[{"embeddable":true,"href":"https:\/\/encuentroinformativo.com.mx\/index.php?rest_route=%2Fwp%2Fv2%2Fcomments&post=11680"}],"version-history":[{"count":1,"href":"https:\/\/encuentroinformativo.com.mx\/index.php?rest_route=\/wp\/v2\/posts\/11680\/revisions"}],"predecessor-version":[{"id":11682,"href":"https:\/\/encuentroinformativo.com.mx\/index.php?rest_route=\/wp\/v2\/posts\/11680\/revisions\/11682"}],"wp:featuredmedia":[{"embeddable":true,"href":"https:\/\/encuentroinformativo.com.mx\/index.php?rest_route=\/wp\/v2\/media\/11681"}],"wp:attachment":[{"href":"https:\/\/encuentroinformativo.com.mx\/index.php?rest_route=%2Fwp%2Fv2%2Fmedia&parent=11680"}],"wp:term":[{"taxonomy":"category","embeddable":true,"href":"https:\/\/encuentroinformativo.com.mx\/index.php?rest_route=%2Fwp%2Fv2%2Fcategories&post=11680"},{"taxonomy":"post_tag","embeddable":true,"href":"https:\/\/encuentroinformativo.com.mx\/index.php?rest_route=%2Fwp%2Fv2%2Ftags&post=11680"}],"curies":[{"name":"wp","href":"https:\/\/api.w.org\/{rel}","templated":true}]}}