{"id":11693,"date":"2021-03-04T10:15:07","date_gmt":"2021-03-04T16:15:07","guid":{"rendered":"https:\/\/encuentroinformativo.com.mx\/?p=11693"},"modified":"2021-03-04T10:15:09","modified_gmt":"2021-03-04T16:15:09","slug":"retira-ssp-bloqueo-frente-a-la-sev","status":"publish","type":"post","link":"https:\/\/encuentroinformativo.com.mx\/?p=11693","title":{"rendered":"Retira SSP bloqueo frente a la SEV"},"content":{"rendered":"\n<p>Xalapa, Ver.- La ma\u00f1ana de este jueves se registr\u00f3 un bloqueo sobre la avenida L\u00e1zaro C\u00e1rdenas frente a las oficinas de la Secretar\u00eda de Educaci\u00f3n de Veracruz (SEV) obstruyendo el carril con direcci\u00f3n a Banderilla, lo cual gener\u00f3 severos conflictos viales en la zona.<\/p>\n\n\n\n<p>Momentos m\u00e1s tarde arribaron elementos de la Secretar\u00eda de Seguridad P\u00fablica (SSP) y Tr\u00e1nsito del Estado quienes retiraron a los manifestantes de la v\u00eda de comunicaci\u00f3n.<\/p>\n\n\n\n<p>De acuerdo a las pancartas que se observan en la zona se trata de grupos de jubilados y pensionados quienes tienen reclamos en esta ocasi\u00f3n. <br><\/p>\n\n\n\n<figure class=\"wp-block-image size-large\"><img loading=\"lazy\" decoding=\"async\" width=\"1024\" height=\"693\" src=\"https:\/\/encuentroinformativo.com.mx\/wp-content\/uploads\/2021\/03\/16322660-1D7E-46CC-BE42-EC1D83752F46-1024x693.jpeg\" alt=\"\" class=\"wp-image-11695\" srcset=\"https:\/\/encuentroinformativo.com.mx\/wp-content\/uploads\/2021\/03\/16322660-1D7E-46CC-BE42-EC1D83752F46-1024x693.jpeg 1024w, https:\/\/encuentroinformativo.com.mx\/wp-content\/uploads\/2021\/03\/16322660-1D7E-46CC-BE42-EC1D83752F46-300x203.jpeg 300w, https:\/\/encuentroinformativo.com.mx\/wp-content\/uploads\/2021\/03\/16322660-1D7E-46CC-BE42-EC1D83752F46-768x520.jpeg 768w, https:\/\/encuentroinformativo.com.mx\/wp-content\/uploads\/2021\/03\/16322660-1D7E-46CC-BE42-EC1D83752F46.jpeg 1455w\" sizes=\"auto, (max-width: 1024px) 100vw, 1024px\" \/><\/figure>\n\n\n\n<figure class=\"wp-block-image size-large\"><img loading=\"lazy\" decoding=\"async\" width=\"1024\" height=\"624\" src=\"https:\/\/encuentroinformativo.com.mx\/wp-content\/uploads\/2021\/03\/6607C454-5099-44DF-A853-51879747F135-1024x624.jpeg\" alt=\"\" class=\"wp-image-11696\" srcset=\"https:\/\/encuentroinformativo.com.mx\/wp-content\/uploads\/2021\/03\/6607C454-5099-44DF-A853-51879747F135-1024x624.jpeg 1024w, https:\/\/encuentroinformativo.com.mx\/wp-content\/uploads\/2021\/03\/6607C454-5099-44DF-A853-51879747F135-300x183.jpeg 300w, https:\/\/encuentroinformativo.com.mx\/wp-content\/uploads\/2021\/03\/6607C454-5099-44DF-A853-51879747F135-768x468.jpeg 768w, https:\/\/encuentroinformativo.com.mx\/wp-content\/uploads\/2021\/03\/6607C454-5099-44DF-A853-51879747F135.jpeg 1423w\" sizes=\"auto, (max-width: 1024px) 100vw, 1024px\" \/><\/figure>\n","protected":false},"excerpt":{"rendered":"<p>Xalapa, Ver.- La ma\u00f1ana de este jueves se registr\u00f3 un bloqueo sobre la avenida L\u00e1zaro C\u00e1rdenas frente a las oficinas de la Secretar\u00eda de Educaci\u00f3n de Veracruz (SEV) obstruyendo el carril con direcci\u00f3n a Banderilla, lo cual gener\u00f3 severos conflictos viales en la zona. Momentos m\u00e1s tarde arribaron elementos de la Secretar\u00eda de Seguridad P\u00fablica [&hellip;]<\/p>\n","protected":false},"author":1,"featured_media":11694,"comment_status":"open","ping_status":"open","sticky":false,"template":"","format":"standard","meta":{"_jetpack_memberships_contains_paid_content":false,"footnotes":""},"categories":[3],"tags":[],"class_list":["post-11693","post","type-post","status-publish","format-standard","has-post-thumbnail","hentry","category-xalapa"],"jetpack_featured_media_url":"https:\/\/encuentroinformativo.com.mx\/wp-content\/uploads\/2021\/03\/DE37FCDF-8791-4B1C-9894-405EC0459146.jpeg","jetpack_sharing_enabled":true,"jetpack_likes_enabled":true,"amp_enabled":true,"_links":{"self":[{"href":"https:\/\/encuentroinformativo.com.mx\/index.php?rest_route=\/wp\/v2\/posts\/11693","targetHints":{"allow":["GET"]}}],"collection":[{"href":"https:\/\/encuentroinformativo.com.mx\/index.php?rest_route=\/wp\/v2\/posts"}],"about":[{"href":"https:\/\/encuentroinformativo.com.mx\/index.php?rest_route=\/wp\/v2\/types\/post"}],"author":[{"embeddable":true,"href":"https:\/\/encuentroinformativo.com.mx\/index.php?rest_route=\/wp\/v2\/users\/1"}],"replies":[{"embeddable":true,"href":"https:\/\/encuentroinformativo.com.mx\/index.php?rest_route=%2Fwp%2Fv2%2Fcomments&post=11693"}],"version-history":[{"count":1,"href":"https:\/\/encuentroinformativo.com.mx\/index.php?rest_route=\/wp\/v2\/posts\/11693\/revisions"}],"predecessor-version":[{"id":11697,"href":"https:\/\/encuentroinformativo.com.mx\/index.php?rest_route=\/wp\/v2\/posts\/11693\/revisions\/11697"}],"wp:featuredmedia":[{"embeddable":true,"href":"https:\/\/encuentroinformativo.com.mx\/index.php?rest_route=\/wp\/v2\/media\/11694"}],"wp:attachment":[{"href":"https:\/\/encuentroinformativo.com.mx\/index.php?rest_route=%2Fwp%2Fv2%2Fmedia&parent=11693"}],"wp:term":[{"taxonomy":"category","embeddable":true,"href":"https:\/\/encuentroinformativo.com.mx\/index.php?rest_route=%2Fwp%2Fv2%2Fcategories&post=11693"},{"taxonomy":"post_tag","embeddable":true,"href":"https:\/\/encuentroinformativo.com.mx\/index.php?rest_route=%2Fwp%2Fv2%2Ftags&post=11693"}],"curies":[{"name":"wp","href":"https:\/\/api.w.org\/{rel}","templated":true}]}}