{"id":11706,"date":"2021-03-04T13:45:20","date_gmt":"2021-03-04T19:45:20","guid":{"rendered":"https:\/\/encuentroinformativo.com.mx\/?p=11706"},"modified":"2021-03-04T13:45:22","modified_gmt":"2021-03-04T19:45:22","slug":"proyecto-de-sedatu-no-respeta-todos-los-espacios-de-comercio-locatarios","status":"publish","type":"post","link":"https:\/\/encuentroinformativo.com.mx\/?p=11706","title":{"rendered":"Proyecto de SEDATU no respeta todos los espacios de comercio: Locatarios"},"content":{"rendered":"\n<p><strong>Juan Arcos <\/strong><\/p>\n\n\n\n<p>Xalapa, Ver.- Locatarios del mercado \u201cAdolfo Ruiz Cortines\u201d, mejor conocido como \u201cLa Rotonda\u201d, denunciaron que el proyecto para la reconstrucci\u00f3n del inmueble, presentado por la Secretar\u00eda de Desarrollo Agrario, Territorial y Urbano (Sedatu), no cubre las necesidades de los comerciantes.<\/p>\n\n\n\n<p>De acuerdo con Antonio Jim\u00e9nez Lagunes, dirigente de los vendedores, s\u00f3lo ser\u00e1n respetados los 148 espacios que cuentan con la C\u00e9dula de Empadronamiento y Licencia de Funcionamiento, expedida por el ayuntamiento de Xalapa.<\/p>\n\n\n\n<p>En semanas anteriores, el mismo l\u00edder hab\u00eda confirmado que en el lugar hay 198 locatarios y que el 96 por ciento de los negocios son de comida.<\/p>\n\n\n\n<p>\u201cDentro de este gran proyecto que ellos tienen, no se logra cubrir todas las necesidades de los locatarios, ll\u00e1mese diferentes comercios\u201d, expuso.<\/p>\n\n\n\n<p>El entrevistado detall\u00f3 que los locatarios se reunieron con personal de Sedatu y del ayuntamiento, la tarde del mi\u00e9rcoles 3 de marzo, donde les presentaron una maqueta con la estructura arquitect\u00f3nica que proponen para la reconstrucci\u00f3n del recinto comercial.<\/p>\n\n\n\n<p>Agreg\u00f3 que el alcalde Hip\u00f3lito Rodr\u00edguez Herrero prometi\u00f3 que el proyecto estar\u00eda sujeto a las modificaciones que planteen los locatarios.<\/p>\n\n\n\n<p>\u201cHay algunas partes que nos llaman la atenci\u00f3n porque no cumplen con nuestras actividades o no cubren nuestras necesidades, el alcalde fue enf\u00e1tico en se\u00f1alar que el proyecto est\u00e1 sujeto a modificaciones, pero no sabemos si nuestras necesidades se vayan a cumplir\u201d, expres\u00f3.<\/p>\n\n\n\n<p>Jim\u00e9nez Lagunes refiri\u00f3 que la aprobaci\u00f3n del proyecto ser\u00e1 sometida a votaci\u00f3n entre los locatarios y que la obra se realizar\u00e1 con recursos de la Secretar\u00eda de Desarrollo Agrario, Territorial y Urbano (Sedatu), aunque los trabajos estar\u00e1n a cargo del ayuntamiento local.<\/p>\n","protected":false},"excerpt":{"rendered":"<p>Juan Arcos Xalapa, Ver.- Locatarios del mercado \u201cAdolfo Ruiz Cortines\u201d, mejor conocido como \u201cLa Rotonda\u201d, denunciaron que el proyecto para la reconstrucci\u00f3n del inmueble, presentado por la Secretar\u00eda de Desarrollo Agrario, Territorial y Urbano (Sedatu), no cubre las necesidades de los comerciantes. De acuerdo con Antonio Jim\u00e9nez Lagunes, dirigente de los vendedores, s\u00f3lo ser\u00e1n respetados [&hellip;]<\/p>\n","protected":false},"author":1,"featured_media":11707,"comment_status":"open","ping_status":"open","sticky":false,"template":"","format":"standard","meta":{"_jetpack_memberships_contains_paid_content":false,"footnotes":""},"categories":[3],"tags":[],"class_list":["post-11706","post","type-post","status-publish","format-standard","has-post-thumbnail","hentry","category-xalapa"],"jetpack_featured_media_url":"https:\/\/encuentroinformativo.com.mx\/wp-content\/uploads\/2021\/03\/4BD1B790-59CB-4037-B6EF-DABD46263FEE.jpeg","jetpack_sharing_enabled":true,"jetpack_likes_enabled":true,"amp_enabled":true,"_links":{"self":[{"href":"https:\/\/encuentroinformativo.com.mx\/index.php?rest_route=\/wp\/v2\/posts\/11706","targetHints":{"allow":["GET"]}}],"collection":[{"href":"https:\/\/encuentroinformativo.com.mx\/index.php?rest_route=\/wp\/v2\/posts"}],"about":[{"href":"https:\/\/encuentroinformativo.com.mx\/index.php?rest_route=\/wp\/v2\/types\/post"}],"author":[{"embeddable":true,"href":"https:\/\/encuentroinformativo.com.mx\/index.php?rest_route=\/wp\/v2\/users\/1"}],"replies":[{"embeddable":true,"href":"https:\/\/encuentroinformativo.com.mx\/index.php?rest_route=%2Fwp%2Fv2%2Fcomments&post=11706"}],"version-history":[{"count":1,"href":"https:\/\/encuentroinformativo.com.mx\/index.php?rest_route=\/wp\/v2\/posts\/11706\/revisions"}],"predecessor-version":[{"id":11708,"href":"https:\/\/encuentroinformativo.com.mx\/index.php?rest_route=\/wp\/v2\/posts\/11706\/revisions\/11708"}],"wp:featuredmedia":[{"embeddable":true,"href":"https:\/\/encuentroinformativo.com.mx\/index.php?rest_route=\/wp\/v2\/media\/11707"}],"wp:attachment":[{"href":"https:\/\/encuentroinformativo.com.mx\/index.php?rest_route=%2Fwp%2Fv2%2Fmedia&parent=11706"}],"wp:term":[{"taxonomy":"category","embeddable":true,"href":"https:\/\/encuentroinformativo.com.mx\/index.php?rest_route=%2Fwp%2Fv2%2Fcategories&post=11706"},{"taxonomy":"post_tag","embeddable":true,"href":"https:\/\/encuentroinformativo.com.mx\/index.php?rest_route=%2Fwp%2Fv2%2Ftags&post=11706"}],"curies":[{"name":"wp","href":"https:\/\/api.w.org\/{rel}","templated":true}]}}