{"id":11711,"date":"2021-03-04T14:14:07","date_gmt":"2021-03-04T20:14:07","guid":{"rendered":"https:\/\/encuentroinformativo.com.mx\/?p=11711"},"modified":"2021-03-04T14:14:09","modified_gmt":"2021-03-04T20:14:09","slug":"maestros-indigenas-denuncian-que-les-cobran-tramites-que-son-gratuitos","status":"publish","type":"post","link":"https:\/\/encuentroinformativo.com.mx\/?p=11711","title":{"rendered":"Maestros ind\u00edgenas denuncian que les cobran tr\u00e1mites que son gratuitos"},"content":{"rendered":"\n<p><strong>Juan Arcos <\/strong><\/p>\n\n\n\n<p>Xalapa, Ver.- Docentes ind\u00edgenas han sido presionados por sus jefes de sector, que dependen de la Secretar\u00eda de Educaci\u00f3n de Veracruz (SEV), para cobrarles tr\u00e1mites que en la dependencia estatal son gratuitos.<\/p>\n\n\n\n<p>As\u00ed lo denunci\u00f3 Daniel Hern\u00e1ndez del \u00c1ngel, secretario general del Movimiento Magisterial Popular Veracruzano (MMPV) y de la Coordinadora Nacional de Trabajadores de la Educaci\u00f3n (CNTE), quien a\u00f1adi\u00f3 que esta situaci\u00f3n es recurrente en la zona norte del estado.<\/p>\n\n\n\n<p>Los afectados acudieron esta ma\u00f1ana a las oficinas centrales de la SEV, para dialogar con autoridades educativas y solicitar que cesen dichos abusos.<\/p>\n\n\n\n<p>El entrevistado coment\u00f3 que la mayor\u00eda de los docentes de educaci\u00f3n ind\u00edgena provienen del municipio de Ixhuatl\u00e1n de Madero, donde acusan al Jefe del Sector 15 de Educaci\u00f3n Ind\u00edgena, Her\u00f3n Morales, de ejercer dichos abusos.<\/p>\n\n\n\n<p>\u201cLos siguen presionando y acosando y lo que queremos es hacer \u00e9nfasis en esta reuni\u00f3n de que los dejen trabajar. Estamos evidenciando el amasiato entre la SEV y la Secci\u00f3n 32 del Sindicato que con temas pol\u00edticos han estado acosando a los maestros\u201d.<\/p>\n\n\n\n<p>Hern\u00e1ndez del \u00c1ngel consider\u00f3 que el problema ocurre debido a que los l\u00edderes de la Secci\u00f3n 32 del Sindicato Nacional de los Trabajadores de la Educaci\u00f3n (SNTE) pretenden mantener su \u201ccacicazgo\u201d en la regi\u00f3n.<\/p>\n\n\n\n<p>\u201cLes imponen cuotas y aun cuando no estamos en clases presenciales les obligan a que compren determinados documentos como ex\u00e1menes\u201d, expres\u00f3 el l\u00edder magisterial.<\/p>\n\n\n\n<p>Por tal motivo, el dirigente del MMPV-CNTE no descart\u00f3 que en pr\u00f3ximos d\u00edas se lleven a cabo manifestaciones para defender los derechos de los docentes ind\u00edgenas que han sido v\u00edctimas de abusos en la zona norte del estado.<\/p>\n","protected":false},"excerpt":{"rendered":"<p>Juan Arcos Xalapa, Ver.- Docentes ind\u00edgenas han sido presionados por sus jefes de sector, que dependen de la Secretar\u00eda de Educaci\u00f3n de Veracruz (SEV), para cobrarles tr\u00e1mites que en la dependencia estatal son gratuitos. As\u00ed lo denunci\u00f3 Daniel Hern\u00e1ndez del \u00c1ngel, secretario general del Movimiento Magisterial Popular Veracruzano (MMPV) y de la Coordinadora Nacional de [&hellip;]<\/p>\n","protected":false},"author":1,"featured_media":11712,"comment_status":"open","ping_status":"open","sticky":false,"template":"","format":"standard","meta":{"_jetpack_memberships_contains_paid_content":false,"footnotes":""},"categories":[2],"tags":[],"class_list":["post-11711","post","type-post","status-publish","format-standard","has-post-thumbnail","hentry","category-estado"],"jetpack_featured_media_url":"https:\/\/encuentroinformativo.com.mx\/wp-content\/uploads\/2021\/03\/AAB1CD54-BD04-419F-AAE9-524616F6DA1E.jpeg","jetpack_sharing_enabled":true,"jetpack_likes_enabled":true,"amp_enabled":true,"_links":{"self":[{"href":"https:\/\/encuentroinformativo.com.mx\/index.php?rest_route=\/wp\/v2\/posts\/11711","targetHints":{"allow":["GET"]}}],"collection":[{"href":"https:\/\/encuentroinformativo.com.mx\/index.php?rest_route=\/wp\/v2\/posts"}],"about":[{"href":"https:\/\/encuentroinformativo.com.mx\/index.php?rest_route=\/wp\/v2\/types\/post"}],"author":[{"embeddable":true,"href":"https:\/\/encuentroinformativo.com.mx\/index.php?rest_route=\/wp\/v2\/users\/1"}],"replies":[{"embeddable":true,"href":"https:\/\/encuentroinformativo.com.mx\/index.php?rest_route=%2Fwp%2Fv2%2Fcomments&post=11711"}],"version-history":[{"count":1,"href":"https:\/\/encuentroinformativo.com.mx\/index.php?rest_route=\/wp\/v2\/posts\/11711\/revisions"}],"predecessor-version":[{"id":11713,"href":"https:\/\/encuentroinformativo.com.mx\/index.php?rest_route=\/wp\/v2\/posts\/11711\/revisions\/11713"}],"wp:featuredmedia":[{"embeddable":true,"href":"https:\/\/encuentroinformativo.com.mx\/index.php?rest_route=\/wp\/v2\/media\/11712"}],"wp:attachment":[{"href":"https:\/\/encuentroinformativo.com.mx\/index.php?rest_route=%2Fwp%2Fv2%2Fmedia&parent=11711"}],"wp:term":[{"taxonomy":"category","embeddable":true,"href":"https:\/\/encuentroinformativo.com.mx\/index.php?rest_route=%2Fwp%2Fv2%2Fcategories&post=11711"},{"taxonomy":"post_tag","embeddable":true,"href":"https:\/\/encuentroinformativo.com.mx\/index.php?rest_route=%2Fwp%2Fv2%2Ftags&post=11711"}],"curies":[{"name":"wp","href":"https:\/\/api.w.org\/{rel}","templated":true}]}}