{"id":11714,"date":"2021-03-04T18:08:45","date_gmt":"2021-03-05T00:08:45","guid":{"rendered":"https:\/\/encuentroinformativo.com.mx\/?p=11714"},"modified":"2021-03-04T18:09:50","modified_gmt":"2021-03-05T00:09:50","slug":"condena-pri-asesinato-de-precandidato-en-la-perla","status":"publish","type":"post","link":"https:\/\/encuentroinformativo.com.mx\/?p=11714","title":{"rendered":"Condena PRI asesinato de precandidato en La Perla"},"content":{"rendered":"\n<p><strong>Redaccion<\/strong><\/p>\n\n\n\n<p>Xalapa, Ver.- La tarde de este jueves trascendi\u00f3 el homicidio de Melquiades V\u00e1zquez Lucas precandidato del PRI a la alcald\u00eda de La Perla quien buscar\u00eda ocupar el cargo por segunda ocasi\u00f3n.<\/p>\n\n\n\n<p>A trav\u00e9s de redes sociales el l\u00edder pri\u00edsta Marlon Ram\u00edrez se\u00f1al\u00f3: \u201cEn el Mexico de impunidad, el presidente @lopezobrador_ anunci\u00f3 tener un plan para proteger a candidatos. Hace unos minutos mataron a nuestro precandidato Melquiades V\u00e1zquez Lucas de La Perla, Ver. Exigimos justicia como en septiembre 2020 lo hicimos por el asesinato de su hijo\u201d. <\/p>\n\n\n\n<p>Y es que el lamentable acontecimiento se da en el marco de que las autoridades federales hicieron un llamado al estado para garantizar la seguridad a los candidatos a un cargo de elecci\u00f3n popular debido a que Veracruz es foco rojo en la materia. <br><\/p>\n\n\n\n<figure class=\"wp-block-image size-large\"><img loading=\"lazy\" decoding=\"async\" width=\"741\" height=\"812\" src=\"https:\/\/encuentroinformativo.com.mx\/wp-content\/uploads\/2021\/03\/7D8C8253-3EAF-41B3-ABDE-AE904F22CB60.jpeg\" alt=\"\" class=\"wp-image-11715\" srcset=\"https:\/\/encuentroinformativo.com.mx\/wp-content\/uploads\/2021\/03\/7D8C8253-3EAF-41B3-ABDE-AE904F22CB60.jpeg 741w, https:\/\/encuentroinformativo.com.mx\/wp-content\/uploads\/2021\/03\/7D8C8253-3EAF-41B3-ABDE-AE904F22CB60-274x300.jpeg 274w\" sizes=\"auto, (max-width: 741px) 100vw, 741px\" \/><\/figure>\n","protected":false},"excerpt":{"rendered":"<p>Redaccion Xalapa, Ver.- La tarde de este jueves trascendi\u00f3 el homicidio de Melquiades V\u00e1zquez Lucas precandidato del PRI a la alcald\u00eda de La Perla quien buscar\u00eda ocupar el cargo por segunda ocasi\u00f3n. A trav\u00e9s de redes sociales el l\u00edder pri\u00edsta Marlon Ram\u00edrez se\u00f1al\u00f3: \u201cEn el Mexico de impunidad, el presidente @lopezobrador_ anunci\u00f3 tener un plan [&hellip;]<\/p>\n","protected":false},"author":1,"featured_media":11715,"comment_status":"open","ping_status":"open","sticky":false,"template":"","format":"standard","meta":{"_jetpack_memberships_contains_paid_content":false,"footnotes":""},"categories":[2],"tags":[],"class_list":["post-11714","post","type-post","status-publish","format-standard","has-post-thumbnail","hentry","category-estado"],"jetpack_featured_media_url":"https:\/\/encuentroinformativo.com.mx\/wp-content\/uploads\/2021\/03\/7D8C8253-3EAF-41B3-ABDE-AE904F22CB60.jpeg","jetpack_sharing_enabled":true,"jetpack_likes_enabled":true,"amp_enabled":true,"_links":{"self":[{"href":"https:\/\/encuentroinformativo.com.mx\/index.php?rest_route=\/wp\/v2\/posts\/11714","targetHints":{"allow":["GET"]}}],"collection":[{"href":"https:\/\/encuentroinformativo.com.mx\/index.php?rest_route=\/wp\/v2\/posts"}],"about":[{"href":"https:\/\/encuentroinformativo.com.mx\/index.php?rest_route=\/wp\/v2\/types\/post"}],"author":[{"embeddable":true,"href":"https:\/\/encuentroinformativo.com.mx\/index.php?rest_route=\/wp\/v2\/users\/1"}],"replies":[{"embeddable":true,"href":"https:\/\/encuentroinformativo.com.mx\/index.php?rest_route=%2Fwp%2Fv2%2Fcomments&post=11714"}],"version-history":[{"count":2,"href":"https:\/\/encuentroinformativo.com.mx\/index.php?rest_route=\/wp\/v2\/posts\/11714\/revisions"}],"predecessor-version":[{"id":11717,"href":"https:\/\/encuentroinformativo.com.mx\/index.php?rest_route=\/wp\/v2\/posts\/11714\/revisions\/11717"}],"wp:featuredmedia":[{"embeddable":true,"href":"https:\/\/encuentroinformativo.com.mx\/index.php?rest_route=\/wp\/v2\/media\/11715"}],"wp:attachment":[{"href":"https:\/\/encuentroinformativo.com.mx\/index.php?rest_route=%2Fwp%2Fv2%2Fmedia&parent=11714"}],"wp:term":[{"taxonomy":"category","embeddable":true,"href":"https:\/\/encuentroinformativo.com.mx\/index.php?rest_route=%2Fwp%2Fv2%2Fcategories&post=11714"},{"taxonomy":"post_tag","embeddable":true,"href":"https:\/\/encuentroinformativo.com.mx\/index.php?rest_route=%2Fwp%2Fv2%2Ftags&post=11714"}],"curies":[{"name":"wp","href":"https:\/\/api.w.org\/{rel}","templated":true}]}}