{"id":11723,"date":"2021-03-05T09:39:53","date_gmt":"2021-03-05T15:39:53","guid":{"rendered":"https:\/\/encuentroinformativo.com.mx\/?p=11723"},"modified":"2021-03-05T09:39:56","modified_gmt":"2021-03-05T15:39:56","slug":"no-son-cifras-son-personas","status":"publish","type":"post","link":"https:\/\/encuentroinformativo.com.mx\/?p=11723","title":{"rendered":"No son cifras\u2026 son personas"},"content":{"rendered":"\n<p><strong>Los Pol\u00edticos<\/strong><\/p>\n\n\n\n<p><strong>Salvador Mu\u00f1oz<\/strong><\/p>\n\n\n\n<p>Afortunadamente, dec\u00eda Marlon Ram\u00edrez, \u201cno tengo compa\u00f1eros que me digan \u2018me han amenazado\u2019\u2026 lo desafortunado, lo grave, es que hay compa\u00f1eros que han perdido la vida\u201d. As\u00ed respond\u00eda a una reportera durante la presentaci\u00f3n de Anil\u00fa Ingram Vallines como coordinadora del programa Recupera Veracruz.<\/p>\n\n\n\n<p>El cuestionamiento al dirigente del PRI era por saber un n\u00famero de precandidatos amenazados en el partido, cuando desde hace unos d\u00edas se habla de que a fuerza, por presi\u00f3n, coerci\u00f3n, aspirantes a cargos de representaci\u00f3n popular, han pedido el apoyo de sus respectivos partidos o de plano, se han bajado de la contienda electoral.<\/p>\n\n\n\n<p>Marlon no quiso hablar de n\u00fameros\u2026 habl\u00f3 de personas\u2026 hace menos de una semana, en Tamal\u00edn, asesinan al tesorero local del partido, Trino Soria\u2026 en el sur, triste recordar el caso de Carla Enr\u00edquez Merl\u00edn y Gladys Merl\u00edn Castro\u2026 hace ya m\u00e1s de un a\u00f1o, Juan Carlos Molina Palacios\u2026<\/p>\n\n\n\n<p>Marlon, la reportera, los pri\u00edstas presentes, quienes escuchamos la videoconferencia, nadie se imagin\u00f3 por un momento que a esos nombres, que a esos amigos, que a esos compa\u00f1eros, unas horas despu\u00e9s de esa rueda de prensa, se habr\u00eda de unir el de Melquiades V\u00e1zquez Lucas, precandidato por la presidencia municipal de La Perla, v\u00edctima de la violencia que reina en Veracruz.<\/p>\n\n\n\n<p>Ah\u00ed, esa frase final de Marlon Ram\u00edrez se volvi\u00f3 m\u00e1s contundente: \u201cno tengo compa\u00f1eros que me digan \u2018me han amenazado\u2019\u2026 lo desafortunado, lo grave, es que hay compa\u00f1eros que han perdido la vida\u201d.<\/p>\n\n\n\n<p>II<\/p>\n\n\n\n<p>Este jueves, el PRI inici\u00f3 una cruzada interesante con Anil\u00fa Ingram Vallines al frente. La propuesta se llama Recupera, que trata de exigir, v\u00eda los candidatos del PRI, esos programas que de un plumazo, el gobierno federal quit\u00f3 a padres de familia y a sus hijos, como son las guarder\u00edas infantiles.<\/p>\n\n\n\n<p>La idea en s\u00ed, es buena y m\u00e1s cuando se tiene a una mujer que en su momento, como delegada de Sedesol, recorri\u00f3 la entidad de arriba a abajo, de extremo a extremo, para la supervisi\u00f3n de los programas pero sobre todo, la atenci\u00f3n muchas veces personalizada a aquella gente que encontr\u00f3 en esta funcionaria, algo m\u00e1s que un programa social\u2026 confianza.<\/p>\n\n\n\n<p>Y parte de Recupera trata de eso\u2026 de recuperar la confianza, aunque en lo particular, creo que se trata de hacerlo por partida doble: de recuperar la confianza del ciudadano, y de paso, que el pri\u00edsta recupere la confianza en s\u00ed.<\/p>\n\n\n\n<p>III<\/p>\n\n\n\n<p>Este jueves, parec\u00eda fiesta para el PRI\u2026 por un lado, el programa Recupera, que alienta a la militancia e inyecta confianza en que las cosas se pueden componer, no s\u00f3lo para el partido, sino en especial para los veracruzanos y mexicanos; por otro, celebraron 92 a\u00f1os de vida del Revolucionario. Parec\u00eda fiesta, pero el clima enrarecido que empieza a impregnar ahora la contienda electoral, gener\u00f3 un momento inc\u00f3modo que no s\u00f3lo debe permear al pri\u00edsmo, ni al resto de partidos, sean de oposici\u00f3n o no\u2026 debe ocupar tambi\u00e9n al veracruzano\u2026 es evidente que todos los d\u00edas, la inseguridad rebasa al Estado, al Gobierno que queda lejos de preservar la paz social y hoy electoral que demanda el ciudadano y m\u00e1s cuando los puentes de comunicaci\u00f3n pol\u00edtica, el mismo Gobierno los ha reventado. S\u00ed, Marlon Ram\u00edrez tiene raz\u00f3n\u2026 no son cifras\u2026 son personas.<\/p>\n\n\n\n<p><a href=\"mailto:smcainito@gmail.com\" target=\"_blank\" rel=\"noreferrer noopener\">smcainito@gmail.com<\/a><\/p>\n","protected":false},"excerpt":{"rendered":"<p>Los Pol\u00edticos Salvador Mu\u00f1oz Afortunadamente, dec\u00eda Marlon Ram\u00edrez, \u201cno tengo compa\u00f1eros que me digan \u2018me han amenazado\u2019\u2026 lo desafortunado, lo grave, es que hay compa\u00f1eros que han perdido la vida\u201d. As\u00ed respond\u00eda a una reportera durante la presentaci\u00f3n de Anil\u00fa Ingram Vallines como coordinadora del programa Recupera Veracruz. El cuestionamiento al dirigente del PRI era [&hellip;]<\/p>\n","protected":false},"author":1,"featured_media":70,"comment_status":"open","ping_status":"open","sticky":false,"template":"","format":"standard","meta":{"_jetpack_memberships_contains_paid_content":false,"footnotes":""},"categories":[11],"tags":[],"class_list":["post-11723","post","type-post","status-publish","format-standard","has-post-thumbnail","hentry","category-opinion"],"jetpack_featured_media_url":"https:\/\/encuentroinformativo.com.mx\/wp-content\/uploads\/2020\/02\/opinion-invitado.jpg","jetpack_sharing_enabled":true,"jetpack_likes_enabled":true,"amp_enabled":true,"_links":{"self":[{"href":"https:\/\/encuentroinformativo.com.mx\/index.php?rest_route=\/wp\/v2\/posts\/11723","targetHints":{"allow":["GET"]}}],"collection":[{"href":"https:\/\/encuentroinformativo.com.mx\/index.php?rest_route=\/wp\/v2\/posts"}],"about":[{"href":"https:\/\/encuentroinformativo.com.mx\/index.php?rest_route=\/wp\/v2\/types\/post"}],"author":[{"embeddable":true,"href":"https:\/\/encuentroinformativo.com.mx\/index.php?rest_route=\/wp\/v2\/users\/1"}],"replies":[{"embeddable":true,"href":"https:\/\/encuentroinformativo.com.mx\/index.php?rest_route=%2Fwp%2Fv2%2Fcomments&post=11723"}],"version-history":[{"count":1,"href":"https:\/\/encuentroinformativo.com.mx\/index.php?rest_route=\/wp\/v2\/posts\/11723\/revisions"}],"predecessor-version":[{"id":11724,"href":"https:\/\/encuentroinformativo.com.mx\/index.php?rest_route=\/wp\/v2\/posts\/11723\/revisions\/11724"}],"wp:featuredmedia":[{"embeddable":true,"href":"https:\/\/encuentroinformativo.com.mx\/index.php?rest_route=\/wp\/v2\/media\/70"}],"wp:attachment":[{"href":"https:\/\/encuentroinformativo.com.mx\/index.php?rest_route=%2Fwp%2Fv2%2Fmedia&parent=11723"}],"wp:term":[{"taxonomy":"category","embeddable":true,"href":"https:\/\/encuentroinformativo.com.mx\/index.php?rest_route=%2Fwp%2Fv2%2Fcategories&post=11723"},{"taxonomy":"post_tag","embeddable":true,"href":"https:\/\/encuentroinformativo.com.mx\/index.php?rest_route=%2Fwp%2Fv2%2Ftags&post=11723"}],"curies":[{"name":"wp","href":"https:\/\/api.w.org\/{rel}","templated":true}]}}