{"id":11725,"date":"2021-03-05T09:55:53","date_gmt":"2021-03-05T15:55:53","guid":{"rendered":"https:\/\/encuentroinformativo.com.mx\/?p=11725"},"modified":"2021-03-05T09:55:55","modified_gmt":"2021-03-05T15:55:55","slug":"por-falta-de-presupuesto-cierran-clinica-del-issste-en-gutierrez-zamora","status":"publish","type":"post","link":"https:\/\/encuentroinformativo.com.mx\/?p=11725","title":{"rendered":"Por falta de presupuesto cierran cl\u00ednica del ISSSTE en Guti\u00e9rrez Zamora"},"content":{"rendered":"\n<p><strong>*Se manifiestan derechohabientes, aseguran son m\u00e1s de 3 mil afectados.<\/strong><\/p>\n\n\n\n<p><strong>Alejandro \u00c1vila<\/strong><\/p>\n\n\n\n<p>Guti\u00e9rrez Zamora, Ver.- M\u00e1s de tres mil derechohabientes del ISSSTE se quedar\u00e1n sin servicio m\u00e9dico, pues sin previo aviso fue cerrada la cl\u00ednica en la cabecera municipal de Guti\u00e9rrez Zamora.<\/p>\n\n\n\n<p>Dicha instituci\u00f3n de salud que se encuentra ubicada en la avenida Hermenegildo Galeana, daba atenci\u00f3n m\u00e9dica a poco m\u00e1s de 3 mil trabajadores de Guti\u00e9rrez Zamora y Tecolutla.<\/p>\n\n\n\n<p>A las afueras del recinto m\u00e9dico se manifestaron este jueves docentes, quienes a trav\u00e9s de su vocero Genaro Hern\u00e1ndez reclamaron el cierre repentino de la unidad m\u00e9dica, y aseguraron buscar\u00e1n una explicaci\u00f3n por parte de las autoridades correspondientes para que se reaperture la clinica.<\/p>\n\n\n\n<p>Ante esto, los quejosos dijeron que se sienten atropellados en sus derechos humanos, pues en ning\u00fan momento les fue notificado el cierre y muchos de ellos ten\u00edan consultas programadas para estas fechas; adem\u00e1s, recientemente se enteraron que su m\u00e9dico de cabecera fue dado de baja al terminar su contrato.<\/p>\n\n\n\n<p>Finalmente, Genaro Hern\u00e1ndez dijo que presuntamente la falta de presupuesto fue el motivo del cierre de la cl\u00ednica, aunque buscar\u00e1n el apoyo de diversas autoridades para volver a abrir la unidad m\u00e9dica, pues es necesaria para miles de trabajadores de la zona.<\/p>\n","protected":false},"excerpt":{"rendered":"<p>*Se manifiestan derechohabientes, aseguran son m\u00e1s de 3 mil afectados. Alejandro \u00c1vila Guti\u00e9rrez Zamora, Ver.- M\u00e1s de tres mil derechohabientes del ISSSTE se quedar\u00e1n sin servicio m\u00e9dico, pues sin previo aviso fue cerrada la cl\u00ednica en la cabecera municipal de Guti\u00e9rrez Zamora. Dicha instituci\u00f3n de salud que se encuentra ubicada en la avenida Hermenegildo Galeana, [&hellip;]<\/p>\n","protected":false},"author":1,"featured_media":11726,"comment_status":"open","ping_status":"open","sticky":false,"template":"","format":"standard","meta":{"_jetpack_memberships_contains_paid_content":false,"footnotes":""},"categories":[9],"tags":[],"class_list":["post-11725","post","type-post","status-publish","format-standard","has-post-thumbnail","hentry","category-salud"],"jetpack_featured_media_url":"https:\/\/encuentroinformativo.com.mx\/wp-content\/uploads\/2021\/03\/8639A1D5-D377-4EA2-84E1-02B1F24D95E9.jpeg","jetpack_sharing_enabled":true,"jetpack_likes_enabled":true,"amp_enabled":true,"_links":{"self":[{"href":"https:\/\/encuentroinformativo.com.mx\/index.php?rest_route=\/wp\/v2\/posts\/11725","targetHints":{"allow":["GET"]}}],"collection":[{"href":"https:\/\/encuentroinformativo.com.mx\/index.php?rest_route=\/wp\/v2\/posts"}],"about":[{"href":"https:\/\/encuentroinformativo.com.mx\/index.php?rest_route=\/wp\/v2\/types\/post"}],"author":[{"embeddable":true,"href":"https:\/\/encuentroinformativo.com.mx\/index.php?rest_route=\/wp\/v2\/users\/1"}],"replies":[{"embeddable":true,"href":"https:\/\/encuentroinformativo.com.mx\/index.php?rest_route=%2Fwp%2Fv2%2Fcomments&post=11725"}],"version-history":[{"count":1,"href":"https:\/\/encuentroinformativo.com.mx\/index.php?rest_route=\/wp\/v2\/posts\/11725\/revisions"}],"predecessor-version":[{"id":11727,"href":"https:\/\/encuentroinformativo.com.mx\/index.php?rest_route=\/wp\/v2\/posts\/11725\/revisions\/11727"}],"wp:featuredmedia":[{"embeddable":true,"href":"https:\/\/encuentroinformativo.com.mx\/index.php?rest_route=\/wp\/v2\/media\/11726"}],"wp:attachment":[{"href":"https:\/\/encuentroinformativo.com.mx\/index.php?rest_route=%2Fwp%2Fv2%2Fmedia&parent=11725"}],"wp:term":[{"taxonomy":"category","embeddable":true,"href":"https:\/\/encuentroinformativo.com.mx\/index.php?rest_route=%2Fwp%2Fv2%2Fcategories&post=11725"},{"taxonomy":"post_tag","embeddable":true,"href":"https:\/\/encuentroinformativo.com.mx\/index.php?rest_route=%2Fwp%2Fv2%2Ftags&post=11725"}],"curies":[{"name":"wp","href":"https:\/\/api.w.org\/{rel}","templated":true}]}}