{"id":1173,"date":"2020-03-23T07:07:47","date_gmt":"2020-03-23T13:07:47","guid":{"rendered":"https:\/\/encuentroinformativo.com\/?p=1173"},"modified":"2020-03-23T02:10:57","modified_gmt":"2020-03-23T08:10:57","slug":"el-coronavirus-crea-separatistas-poca-gente-en-el-tajin","status":"publish","type":"post","link":"https:\/\/encuentroinformativo.com.mx\/?p=1173","title":{"rendered":"EL CORONAVIRUS CREA &#8220;SEPARATISTAS&#8221;; POCA GENTE EN EL TAJ\u00cdN"},"content":{"rendered":"\n<p><strong>+ Los profes Cuitl\u00e1huac y Zenyazen.<\/strong><\/p>\n\n\n\n<p><strong>+ Operativo en Coatepec; traban a polic\u00eda estatal con droga y armas.<\/strong><\/p>\n\n\n\n<p><strong>+ Embajador le da tremendo tuitazo a Calder\u00f3n.<\/strong><\/p>\n\n\n\n<p><strong>+ Congelan cuentas a exgobernador y a su amigo pederasta.<\/strong><\/p>\n\n\n\n<p><strong>\u00a1Abr\u00f3n, en Naolinco exageran; ya prohiben hasta el faje!&nbsp;<\/strong><\/p>\n\n\n\n<p><strong>&#8211;Chopenjawer lujurioso.<\/strong><\/p>\n\n\n\n<p>Aunque en Veracruz s\u00f3lo hay 7 de los 316 casos confirmados de Coronavirus en el pa\u00eds, ya hubo presidentes municipales al que les entr\u00f3 el esp\u00edritu separatista\/populista para hacerse notar en plena pandemia.<\/p>\n\n\n\n<p>Digo, est\u00e1 bien que se tomen medidas, pero francamente hay alcaldes que han exagerando al grado de que ya est\u00e1n impidiendo que llegue gente a sus municipios (que as\u00ed que digas, qu\u00e9 brutos, c\u00f3mo son visitados por el mundo, y especialmente por los gringos y los europeos, pues no).<\/p>\n\n\n\n<p>Lo anterior, honestamente, suena m\u00e1s a hacerse notar medi\u00e1ticamente que a una verdadera estrategia de contenci\u00f3n a la pandemia del Coronavirus COVID19.<\/p>\n\n\n\n<p>En Tecolutla (zona de playa al norte de la entidad), el Ayuntamiento circul\u00f3 anuncios en los que se advierte: &#8220;Por motivos de seguridad y para procurar la salud de todos, se informa a la poblaci\u00f3n y turistas, que no podr\u00e1n ingresar veh\u00edculos y personas for\u00e1neas a este municipio como parte de las medidas preventivas ante el coronavirus&#8221;. Ah\u00ed gobierna Juan \u00c1ngel Espejo Maldonado, emanado de las filas del PAN-PRD.<\/p>\n\n\n\n<p>En Tamiahua donde gobierna con la alianza PRI-Verde la alcaldesa Citlalli Medell\u00edn Careaga &#8211;conocida por su afici\u00f3n a los filtros &#8220;maquilladores&#8221; en redes sociales y por tener un equipo de prensa de casi 10 colaboradores que la siguen para todos lados para sus poses&#8211; se anunci\u00f3 una medida m\u00e1s radical: la conformaci\u00f3n de guardias comunitarias para evitar la entrada de for\u00e1neos.<\/p>\n\n\n\n<p>En un bolet\u00edn titulado: &#8220;LA SALUD Y SEGURIDAD DE LOS TAMIAHUENSES ES PRIMERO&#8221; se detalla que &#8220;a partir del d\u00eda lunes 23 de marzo ser\u00e1 estrictamente prohibido el acceso a todos los veh\u00edculos que tengan placas de otros estados. Es por eso, que adem\u00e1s de la cabecera municipal tambi\u00e9n se han creado grupos de protecci\u00f3n y seguridad en las 71 comunidades del municipio, que ser\u00e1n dirigidos por sus agentes y subagentes de cada localidad en coordinaci\u00f3n de personal de este H. Ayuntamiento&#8221;.<\/p>\n\n\n\n<p>En Tatahuicapan (al sur de la entidad), donde gobierna el sempiterno perredista Esteban Bautista Hern\u00e1ndez, y en Zongolica, donde tambi\u00e9n el ayuntamiento es del PRD con Juan Carlos Mezhua Campos, instalaron filtros de revisi\u00f3n en los accesos de sus correspondientes municipios, aunque no han prohibido el paso.<\/p>\n\n\n\n<p>Este domingo coment\u00e1bamos en la &#8220;Notiver Speshial Edishion&#8221; sobre que la capital Xalapa tambi\u00e9n decidi\u00f3 el cierre desde este s\u00e1bado de los bares, cantinas, cervecer\u00edas y centros nocturnos hasta nuevo aviso.&nbsp;<a href=\"outlook-data-detector:\/\/3\">Este lunes<\/a>, lo mismo con los gimnasios. Por lo pronto, ya la ciudad se ve como en sus mejores tiempos: poco tr\u00e1fico, poca gente en las calles. Las plazas comerciales, escasas de visitantes y consumidores.<\/p>\n\n\n\n<p>La zona arqueol\u00f3gica de El Taj\u00edn fue otro damnificado por la pandemia; de acuerdo al reportero Bernab\u00e9 Vallejo, de la zona de Papantla-Poza Rica: &#8220;por primera vez en muchos a\u00f1os, desde 1999 cuando fueron las inundaciones de octubre que asolaron est\u00e1 regi\u00f3n norveracruzana, debido a la contingencia por el COVID19 la presencia de turistas y visitantes por la realizaci\u00f3n del Equinoccio de Primavera, as\u00ed como las actividades del 21 de Marzo, fue casi nula&#8230; A diferencia de a\u00f1os anteriores en que casi era imposible poder transitar por el c\u00famulo de personas y turistas en este centro ceremonial, esta vez el sitio arqueol\u00f3gico luci\u00f3 casi vac\u00edo. Hubo poco menos de cien personas&#8221;.<\/p>\n\n\n\n<p>Lo anterior, pese a que no hubo cierre oficial de la zona arqueol\u00f3gica y hab\u00eda chance de visitarse.<\/p>\n\n\n\n<p>Otro que de plano ya cancel\u00f3 vuelos fue la aerol\u00ednea Interjet del exgobernador Miguel Alem\u00e1n Velasco, argumentando que dejar\u00e1 de operar temporalmente sus rutas internacionales a partir del&nbsp;<a href=\"outlook-data-detector:\/\/5\">24 marzo<\/a>&nbsp;hasta que se levanten las restricciones de cada pa\u00eds por el Covid-19, y a la demanda de cada vuelo. Dicha aerol\u00ednea tiene vuelos a Estados Unidos, Canad\u00e1, Costa Rica, Guatemala, El Salvador, Cuba, Colombia, Ecuador y Per\u00fa; pero la verdad que lo anterior se antoja m\u00e1s a buscar una salida ante la crisis financiera que padece la empresa de T\u00edo Mike.<\/p>\n\n\n\n<p><strong>NOTA PARA PEGAR EN EL REFRI: <\/strong>El gober y profe Cuitl\u00e1huac Garc\u00eda Jim\u00e9nez estuvo grabando este fin de semana sus clases de matem\u00e1ticas que se transmitir\u00e1n por RadioTelevisi\u00f3n de Veracruz, con motivo de que ya hay &#8220;vacaciones&#8221; forzadas en tiempos del Coronavirus. En las im\u00e1genes que se difundieron entre periodistas, se logr\u00f3 ver a su equipo cercano asisti\u00e9ndolo, encabezado por el secre y profe Zenyazen Escobar Garc\u00eda. Con esto comienzan los 30 d\u00edas de suspensi\u00f3n de clases. Veracruz, afortunadamente, ha registrado cifras bajas de contagio hasta el momento.<\/p>\n\n\n\n<p><strong>OTRA NOTA: <\/strong>Que anoche trascendi\u00f3 la detenci\u00f3n en operativo sorpresa de una mujer polic\u00eda en activo, de la Secretar\u00eda de Seguridad P\u00fablica, que en c\u00f3digo clave se hace llamar &#8220;Valquiria&#8221;. Seg\u00fan datos del portal policiaco &#8220;La Pura Neta&#8221;: &#8220;Polic\u00eda Ministerial y Seguridad P\u00fablica que ya hab\u00edan iniciado una investigaci\u00f3n, el pasado viernes en un operativo sorpresa detuvieron a por lo menos 12 integrantes de una banda delictiva, entre los que se encuentra una mujer efectiva de la Secretar\u00eda de Seguridad P\u00fablica. Doce detenidos tres mujeres y nueve hombres, el decomiso de varias armas de fuego, polvo blanco con las caracter\u00edsticas de coca\u00edna as\u00ed como una gran cantidad de hierba verde al parecer marihuana; junto con artefactos de los conocidos poncha-llantas que eran utilizados para obligar a los automovilistas se detuvieran. Fue el resultado del operativo llevado a cabo por efectivos de la Polic\u00eda Ministerial y Seguridad P\u00fablica en un lavado de autos regularmente para taxis ubicado en la calle Santos Degollado de la zona centro en Coatepec, lugar al que llegaron los polic\u00edas y rodearon sin darle tiempo a los detenidos de reaccionar&#8221;&#8230; De acuerdo a datos extraoficiales, &#8220;Valquiria&#8221; lleg\u00f3 a desempe\u00f1arse recientemente como guardia del cuartel general de la SSP, y adem\u00e1s habr\u00eda sido escolta de &#8220;Miguel Chiquito&#8221;&#8230;. Se sabe que no es la primera vez que elementos policiacos andan metidos de malandros en tiempos de la 4T, pues tambi\u00e9n trascendi\u00f3 que fue recientemente fue detenido uno de la Fuerza Civil asignado a Palacio de Gobierno que andaba asaltando las tiendas X24.<\/p>\n\n\n\n<p><strong>OTRA NOTA EXTRA:<\/strong> Tremendo tuitazo en el hocico el que le puso el embajador de Estados Unidos al expresidente Felipe Calder\u00f3n. Resulta que &#8220;Fecal&#8221; critic\u00f3 al presidente Donald Trump retomando una frase del exvicepresidente Joe Biden: &#8220;En tiempos de crisis, un presidente debe calmar y confortar, mostrar el camino con mano firme, y proveeer un faro de esperanza al pueblo americano. Donald Trump es incapaz de hacer eso&#8221;&#8230; Pero Christopher Landau se la revir\u00f3 al michoacano: En tiempos de crisis, un EXpresidente no tiene porque meterse en la pol\u00edtica dom\u00e9stica de otro pa\u00eds. Ahora m\u00e1s que nunca nos toca trabajar juntos. No politicemos a TODO por gracias a Dios&#8221;&#8230; \u00a1Mokos, topu!\u00a0<\/p>\n\n\n\n<p><strong>LA \u00daLTIMA PORQUE NO LLEGA LA SUSODICHA CON LA CENA Y LA SOLITARIA ME EST\u00c1 PRESIONANDO: <\/strong>La Unidad de Inteligencia Financiera de la Secretar\u00eda de Hacienda y Cr\u00e9dito P\u00fablico congel\u00f3 cuentas bancarias del exgobernador de Puebla, Mario Mar\u00edn, y del empresario Kamel Nacif, pr\u00f3fugos desde abril del a\u00f1o pasado por la comisi\u00f3n del delito de tortura en agravio de la periodista Lydia Cacho. De acuerdo a una nota de prensa de la organizaci\u00f3n Article 19: &#8220;la persecuci\u00f3n judicial y tortura contra la activista y periodista fueron consecuencia de la revelaci\u00f3n que hiciera de una red de pornograf\u00eda infantil ligada a redes de criminalidad organizada&#8221;&#8230; Red donde por cierto, se mencion\u00f3 en alg\u00fan momento al exgobernador Miguel \u00c1ngel Yunes Linares, y que qued\u00f3 registrado en el libro &#8220;Los Demonios del Ed\u00e9n&#8221;, de la valiente periodista.<br><\/p>\n\n\n\n<p><strong>@pablojair<\/strong> <\/p>\n","protected":false},"excerpt":{"rendered":"<p>+ Los profes Cuitl\u00e1huac y Zenyazen. + Operativo en Coatepec; traban a polic\u00eda estatal con droga y armas. + Embajador le da tremendo tuitazo a Calder\u00f3n. + Congelan cuentas a exgobernador y a su amigo pederasta. \u00a1Abr\u00f3n, en Naolinco exageran; ya prohiben hasta el faje!&nbsp; &#8211;Chopenjawer lujurioso. Aunque en Veracruz s\u00f3lo hay 7 de los [&hellip;]<\/p>\n","protected":false},"author":1,"featured_media":488,"comment_status":"open","ping_status":"open","sticky":false,"template":"","format":"standard","meta":{"_jetpack_memberships_contains_paid_content":false,"footnotes":""},"categories":[11],"tags":[],"class_list":["post-1173","post","type-post","status-publish","format-standard","has-post-thumbnail","hentry","category-opinion"],"jetpack_featured_media_url":"https:\/\/encuentroinformativo.com.mx\/wp-content\/uploads\/2020\/03\/F471F608-BA1A-416B-BA7B-BCFB24F4E6D0.jpeg","jetpack_sharing_enabled":true,"jetpack_likes_enabled":true,"amp_enabled":true,"_links":{"self":[{"href":"https:\/\/encuentroinformativo.com.mx\/index.php?rest_route=\/wp\/v2\/posts\/1173","targetHints":{"allow":["GET"]}}],"collection":[{"href":"https:\/\/encuentroinformativo.com.mx\/index.php?rest_route=\/wp\/v2\/posts"}],"about":[{"href":"https:\/\/encuentroinformativo.com.mx\/index.php?rest_route=\/wp\/v2\/types\/post"}],"author":[{"embeddable":true,"href":"https:\/\/encuentroinformativo.com.mx\/index.php?rest_route=\/wp\/v2\/users\/1"}],"replies":[{"embeddable":true,"href":"https:\/\/encuentroinformativo.com.mx\/index.php?rest_route=%2Fwp%2Fv2%2Fcomments&post=1173"}],"version-history":[{"count":1,"href":"https:\/\/encuentroinformativo.com.mx\/index.php?rest_route=\/wp\/v2\/posts\/1173\/revisions"}],"predecessor-version":[{"id":1174,"href":"https:\/\/encuentroinformativo.com.mx\/index.php?rest_route=\/wp\/v2\/posts\/1173\/revisions\/1174"}],"wp:featuredmedia":[{"embeddable":true,"href":"https:\/\/encuentroinformativo.com.mx\/index.php?rest_route=\/wp\/v2\/media\/488"}],"wp:attachment":[{"href":"https:\/\/encuentroinformativo.com.mx\/index.php?rest_route=%2Fwp%2Fv2%2Fmedia&parent=1173"}],"wp:term":[{"taxonomy":"category","embeddable":true,"href":"https:\/\/encuentroinformativo.com.mx\/index.php?rest_route=%2Fwp%2Fv2%2Fcategories&post=1173"},{"taxonomy":"post_tag","embeddable":true,"href":"https:\/\/encuentroinformativo.com.mx\/index.php?rest_route=%2Fwp%2Fv2%2Ftags&post=1173"}],"curies":[{"name":"wp","href":"https:\/\/api.w.org\/{rel}","templated":true}]}}