{"id":11731,"date":"2021-03-05T10:23:49","date_gmt":"2021-03-05T16:23:49","guid":{"rendered":"https:\/\/encuentroinformativo.com.mx\/?p=11731"},"modified":"2021-03-05T10:24:20","modified_gmt":"2021-03-05T16:24:20","slug":"sin-lograr-acuerdo-alcalde-de-tuxpan-con-sindicalizados","status":"publish","type":"post","link":"https:\/\/encuentroinformativo.com.mx\/?p=11731","title":{"rendered":"Sin lograr acuerdo Alcalde de Tuxpan con sindicalizados"},"content":{"rendered":"\n<p><strong>Alejandro \u00c1vila<\/strong><\/p>\n\n\n\n<p>Veracruz, Ver.- El Tribunal de Conciliaci\u00f3n y Arbitraje cit\u00f3 al alcalde Tuxpan, Juan Antonio Aguilar Mancha a una \u00faltima reuni\u00f3n para llegar a un acuerdo con el personal sindicalizado que labora en el Ayuntamiento, esta deber\u00e1 llevarse a cabo el pr\u00f3ximo martes 9 de marzo.<\/p>\n\n\n\n<p>El Sindicato \u00danico de Trabajadores al Servicio del Municipio de Tuxpan, acept\u00f3 cambiar la fecha del estallamiento a huelga, que se dar\u00eda el pr\u00f3ximo 12 de marzo en caso de no lograr un acuerdo safisfactorio para ambas partes.<\/p>\n\n\n\n<p>Mario Alberto Mart\u00ednez Zapata, secretario general del sindicato, explic\u00f3 que para este 2021 solicitaron el incremento del 20 por ciento al salario y un aumento en la canasta b\u00e1sica; todo esto para las 269 plazas de base y 72 eventuales.&nbsp;<\/p>\n\n\n\n<p>Por su parte, el Ayuntamiento de Tuxpan a trav\u00e9s de su representante legal solo ofrece el aumento del 5 por ciento, y acus\u00f3 que no est\u00e1n contemplando el retroactivo que deben depositarles del 2020, donde se autoriz\u00f3 un incremento, mismo que fue autorizado por la comisi\u00f3n de salarios m\u00ednimos.<\/p>\n\n\n\n<p>Este monto, declar\u00f3, s\u00ed fue depositado al Ayuntamiento de Tuxpan, pero nunca fue entregado a los trabajadores, por lo que presuntamente, deber\u00eda estar en caja para que se ejecute el abono a los colaboradores municipales.<\/p>\n\n\n\n<p>Sentenci\u00f3 que de no llegar a un acuerdo y con fundamento en los art\u00edculos 149 de la Ley Estatal del Servicio Civil de Veracruz, y el art\u00edculo 926 de la Ley Federal del Trabajo de aplicaci\u00f3n supletoria, la huelga podr\u00eda estallar a las 9 horas del pr\u00f3ximo viernes 12 de marzo.<\/p>\n","protected":false},"excerpt":{"rendered":"<p>Alejandro \u00c1vila Veracruz, Ver.- El Tribunal de Conciliaci\u00f3n y Arbitraje cit\u00f3 al alcalde Tuxpan, Juan Antonio Aguilar Mancha a una \u00faltima reuni\u00f3n para llegar a un acuerdo con el personal sindicalizado que labora en el Ayuntamiento, esta deber\u00e1 llevarse a cabo el pr\u00f3ximo martes 9 de marzo. El Sindicato \u00danico de Trabajadores al Servicio del [&hellip;]<\/p>\n","protected":false},"author":1,"featured_media":11732,"comment_status":"open","ping_status":"open","sticky":false,"template":"","format":"standard","meta":{"_jetpack_memberships_contains_paid_content":false,"footnotes":""},"categories":[2],"tags":[],"class_list":["post-11731","post","type-post","status-publish","format-standard","has-post-thumbnail","hentry","category-estado"],"jetpack_featured_media_url":"https:\/\/encuentroinformativo.com.mx\/wp-content\/uploads\/2021\/03\/9863931F-C8EC-4028-9270-3BCC6D637A2D.jpeg","jetpack_sharing_enabled":true,"jetpack_likes_enabled":true,"amp_enabled":true,"_links":{"self":[{"href":"https:\/\/encuentroinformativo.com.mx\/index.php?rest_route=\/wp\/v2\/posts\/11731","targetHints":{"allow":["GET"]}}],"collection":[{"href":"https:\/\/encuentroinformativo.com.mx\/index.php?rest_route=\/wp\/v2\/posts"}],"about":[{"href":"https:\/\/encuentroinformativo.com.mx\/index.php?rest_route=\/wp\/v2\/types\/post"}],"author":[{"embeddable":true,"href":"https:\/\/encuentroinformativo.com.mx\/index.php?rest_route=\/wp\/v2\/users\/1"}],"replies":[{"embeddable":true,"href":"https:\/\/encuentroinformativo.com.mx\/index.php?rest_route=%2Fwp%2Fv2%2Fcomments&post=11731"}],"version-history":[{"count":1,"href":"https:\/\/encuentroinformativo.com.mx\/index.php?rest_route=\/wp\/v2\/posts\/11731\/revisions"}],"predecessor-version":[{"id":11733,"href":"https:\/\/encuentroinformativo.com.mx\/index.php?rest_route=\/wp\/v2\/posts\/11731\/revisions\/11733"}],"wp:featuredmedia":[{"embeddable":true,"href":"https:\/\/encuentroinformativo.com.mx\/index.php?rest_route=\/wp\/v2\/media\/11732"}],"wp:attachment":[{"href":"https:\/\/encuentroinformativo.com.mx\/index.php?rest_route=%2Fwp%2Fv2%2Fmedia&parent=11731"}],"wp:term":[{"taxonomy":"category","embeddable":true,"href":"https:\/\/encuentroinformativo.com.mx\/index.php?rest_route=%2Fwp%2Fv2%2Fcategories&post=11731"},{"taxonomy":"post_tag","embeddable":true,"href":"https:\/\/encuentroinformativo.com.mx\/index.php?rest_route=%2Fwp%2Fv2%2Ftags&post=11731"}],"curies":[{"name":"wp","href":"https:\/\/api.w.org\/{rel}","templated":true}]}}