{"id":11734,"date":"2021-03-05T10:33:13","date_gmt":"2021-03-05T16:33:13","guid":{"rendered":"https:\/\/encuentroinformativo.com.mx\/?p=11734"},"modified":"2021-03-05T10:33:15","modified_gmt":"2021-03-05T16:33:15","slug":"ni-lo-de-salgado-ni-el-plan-de-vacunacion-morena-fuerte-en-las-federales","status":"publish","type":"post","link":"https:\/\/encuentroinformativo.com.mx\/?p=11734","title":{"rendered":"NI LO DE SALGADO NI EL PLAN DE VACUNACI\u00d3N: MORENA FUERTE EN LAS FEDERALES"},"content":{"rendered":"\n<p><strong>@pablojair<\/strong><\/p>\n\n\n\n<ul class=\"wp-block-list\"><li>Veracruz es de los estados de mayor poblaci\u00f3n sin llegar a sem\u00e1foro rojo.<\/li><li>Ola de robos a veh\u00edculos en estacionamientos de Coatepec.<\/li><li>La mentada Estrategia de Protecci\u00f3n en Contexto Electoral.<\/li><\/ul>\n\n\n\n<p>Confirma Salud: ser\u00e1n vacunados adultos mayores del Puerto de Veracruz en los pr\u00f3ximos d\u00edas\u2026<br>&#8211;Chopenjawer<\/p>\n\n\n\n<p>Uno creer\u00eda que la estrategia de vacunaci\u00f3n absurdamente lenta y selectiva o el esc\u00e1ndalo del borracho de F\u00e9lix Salgado Macedonio, ser\u00eda factor para que Morena se debilitara a tres meses de las elecciones de este a\u00f1o.<\/p>\n\n\n\n<p>No obstante, por lo menos en las elecciones federales, se mantiene muy fuerte y creciendo, de acuerdo a la encuesta publicada este mi\u00e9rcoles por el diario nacional &#8220;El Financiero&#8221;.<\/p>\n\n\n\n<p>El rotativo apunta: &#8220;Se dispara a 44% la intenci\u00f3n del voto hacia el partido. El aumento en el apoyo se da entre mujeres, j\u00f3venes y los de mayor educaci\u00f3n. La intenci\u00f3n de voto por Morena en la contienda para diputados federales subi\u00f3 de 38 a 44 por ciento entre enero y febrero, coincidiendo con el arranque en la vacunaci\u00f3n antiCOVID-19 en el pa\u00eds&#8221;.<\/p>\n\n\n\n<p>Por su parte, el PAN y el PRI quedan con 10 por ciento cada uno, mientras que el PRD atrae 3 por ciento.<\/p>\n\n\n\n<p>Habr\u00eda que apuntar que un 29 por ciento no declar\u00f3 ninguna preferencia por partido; un porcentaje considerable de gente que podr\u00eda inclinar la balanza, y tal vez hasta cambiar el sentido de la elecci\u00f3n.<\/p>\n\n\n\n<p>De acuerdo a los datos de la encuesta de El Financiero, &#8220;el mayor aumento de Morena por grupos de edad se dio entre los j\u00f3venes de 18 a 29 a\u00f1os, al subir 14 puntos, de 27 a 41 por ciento&#8221;, lo que &#8211;en teor\u00eda&#8211; estar\u00eda demostrando que el asunto de las becas para j\u00f3venes est\u00e1 funcionando electoralmente, m\u00e1s all\u00e1 de la repartici\u00f3n al pueblo.<\/p>\n\n\n\n<p>Con respecto a la escolaridad hay un dato interesante: mientras el apoyo al partido lopezobradorista subi\u00f3 siete puntos entre entrevistados con nivel de escolaridad b\u00e1sica, tambi\u00e9n creci\u00f3 entre ocho y nueve puntos entre los de escolaridad media y universitaria, respectivamente.<\/p>\n\n\n\n<p>Con respecto al tema de Salgado Macedonio, incre\u00edblemente la preferencia por Morena en el \u00faltimo mes subi\u00f3 cuatro puntos entre los hombres y siete puntos entre las mujeres y El Financiero subraya &#8220;cabe se\u00f1alar que el asunto en torno a la candidatura de F\u00e9lix Salgado Macedonio a la gubernatura de Guerrero no lastim\u00f3 en este mes al partido guinda entre el segmento femenino&#8221;.<\/p>\n\n\n\n<p>Y la evaluaci\u00f3n de la administraci\u00f3n de las vacunas por parte del gobierno federal con relaci\u00f3n con la intenci\u00f3n de voto: &#8220;entre quienes eval\u00faan favorablemente c\u00f3mo se han administrado las vacunas, el apoyo a Morena alcanza 64 por ciento. Entre los que eval\u00faan mal ese tema de la inoculaci\u00f3n, el respaldo al partido guinda baja hasta 25 por ciento&#8221;.<\/p>\n\n\n\n<p>&#8220;El voto a favor de la alianza PAN-PRI-PRD es de apenas 11 por ciento entre quienes eval\u00faan bien la administraci\u00f3n de las vacunas y de 35 por ciento entre quienes califican mal al gobierno en ese rubro&#8221;, informa el diario.<\/p>\n\n\n\n<p>&#8220;Por el momento, tambi\u00e9n la confianza en la vacuna antiCOVID-19 tiene relaci\u00f3n con las preferencias rumbo a la elecci\u00f3n del 6 de junio: entre quienes conf\u00edan mucho o algo en la vacuna, Morena obtiene 50 por ciento, y la alianza PAN-PRI-PRD, 19 por ciento. Entre quienes conf\u00edan poco o nada en la vacuna, Morena baja a 26 por ciento, y la alianza Va por M\u00e9xico sube a 37 por ciento&#8221;.<\/p>\n\n\n\n<p>Ya sabe, inevitablemente hasta la vacuna se ten\u00eda que politizar.<\/p>\n\n\n\n<p>Habr\u00e1 que ver si esos mismos n\u00fameros se alcanzan en la entidad, pues el calor de las locales es m\u00e1s intenso.<\/p>\n\n\n\n<p><strong>NOTA PARA PEGAR EN EL REFRI:<\/strong> El esfuerzo del personal hospitalario y de la sociedad, a trav\u00e9s del orden, la coordinaci\u00f3n y las estrategias implementadas por la actual administraci\u00f3n estatal, permite que Veracruz, a pesar de ser el cuarto estado con mayor poblaci\u00f3n, en esta segunda oleada de COVID, no ha llegado al sem\u00e1foro epidemiol\u00f3gico de color rojo. As\u00ed lo resalt\u00f3 el gobernador Cuitl\u00e1huac Garc\u00eda Jim\u00e9nez, en su intervenci\u00f3n durante la Primera Sesi\u00f3n Extraordinaria del Consejo Consultivo del Instituto Mexicano del Seguro Social Veracruz Norte y Sur.<\/p>\n\n\n\n<p><strong>OTRA NOTA: <\/strong>En las \u00faltimas semanas ha incrementado una ola de robos en Coatepec. Estos han sido cometidos principalmente en estacionamientos de supermercados y centros deportivos, a donde llega el ladr\u00f3n o ladrones, abren los veh\u00edculos sin dar el &#8220;famoso&#8221; cristalazo y extraen cosas de valor del interior. Estos robos han ocurrido casi enfrente de las instalaciones policiacas de la Guardia Nacional y Polic\u00eda Estatal en Coatepec, justo en el estacionamiento de la tienda Bodega Aurrer\u00e1 (a un lado del residencial donde vive el secre Bola Ocho) que se encuentra en la salida hacia Xico. Por el mismo rumbo tambi\u00e9n se ubica un fraccionamiento privado llamado &#8220;San Jos\u00e9&#8221;, cuyos accesos tienen vigilancia privada; no obstante, la noche de mi\u00e9rcoles se report\u00f3 un intento de robo a una vivienda que por el momento est\u00e1 deshabitada, a la que supuestamente vieron entrar a dos personas y origin\u00f3 una fuerte movilizaci\u00f3n policiaca\u2026 Valdr\u00eda la pena que se aplicara la Polic\u00eda Municipal, que es la de primera instancia o a ver si no salen con que son los que andan de malandros.<\/p>\n\n\n\n<p><strong>LA \u00daLTIMA PORQUE ES VIEEEERNEEEEES: <\/strong>Veracruz fue el estado que se enlaz\u00f3 esta ma\u00f1ana de jueves con la secretaria de Seguridad y Protecci\u00f3n Ciudadana, Rosa Icela Rodr\u00edguez Vel\u00e1zquez, para confirmar la adhesi\u00f3n a la Estrategia de Protecci\u00f3n en Contexto Electoral. De paso, el gober Cuitl\u00e1huac presumi\u00f3 a la funcionaria federal que en Veracruz de los 15 delitos que est\u00e1n catalogados como de alto impacto se logr\u00f3 que 13 est\u00e9n por debajo de la media nacional, donde sustancialmente han disminuido los secuestros en m\u00e1s del 50%\u2026 Cifras de la propia Secretar\u00eda de Seguridad y Protecci\u00f3n Ciudadana presentadas este jueves, indican que en el periodo de septiembre de 2020 a enero de 2021 en Veracruz han habido 5 fallecidos y 3 heridos, todos v\u00edctimas de incidentes de violencia pol\u00edtica, siendo el tercer lugar nacional s\u00f3lo detr\u00e1s de Oaxaca y Guanajuato. El asunto es que en tiempos electorales se &#8220;calienta&#8221; m\u00e1s la cosa, y mientras no tengan planes ni conocimiento de lo que viene, esto podr\u00eda complicar mucho m\u00e1s el panorama. En resumen, estas elecciones intermedias ser\u00e1n la verdadera prueba de fuego, m\u00e1s all\u00e1 de lo partidista y la demagogia.<\/p>\n","protected":false},"excerpt":{"rendered":"<p>@pablojair Veracruz es de los estados de mayor poblaci\u00f3n sin llegar a sem\u00e1foro rojo. Ola de robos a veh\u00edculos en estacionamientos de Coatepec. La mentada Estrategia de Protecci\u00f3n en Contexto Electoral. Confirma Salud: ser\u00e1n vacunados adultos mayores del Puerto de Veracruz en los pr\u00f3ximos d\u00edas\u2026&#8211;Chopenjawer Uno creer\u00eda que la estrategia de vacunaci\u00f3n absurdamente lenta y [&hellip;]<\/p>\n","protected":false},"author":1,"featured_media":488,"comment_status":"open","ping_status":"open","sticky":false,"template":"","format":"standard","meta":{"_jetpack_memberships_contains_paid_content":false,"footnotes":""},"categories":[11],"tags":[],"class_list":["post-11734","post","type-post","status-publish","format-standard","has-post-thumbnail","hentry","category-opinion"],"jetpack_featured_media_url":"https:\/\/encuentroinformativo.com.mx\/wp-content\/uploads\/2020\/03\/F471F608-BA1A-416B-BA7B-BCFB24F4E6D0.jpeg","jetpack_sharing_enabled":true,"jetpack_likes_enabled":true,"amp_enabled":true,"_links":{"self":[{"href":"https:\/\/encuentroinformativo.com.mx\/index.php?rest_route=\/wp\/v2\/posts\/11734","targetHints":{"allow":["GET"]}}],"collection":[{"href":"https:\/\/encuentroinformativo.com.mx\/index.php?rest_route=\/wp\/v2\/posts"}],"about":[{"href":"https:\/\/encuentroinformativo.com.mx\/index.php?rest_route=\/wp\/v2\/types\/post"}],"author":[{"embeddable":true,"href":"https:\/\/encuentroinformativo.com.mx\/index.php?rest_route=\/wp\/v2\/users\/1"}],"replies":[{"embeddable":true,"href":"https:\/\/encuentroinformativo.com.mx\/index.php?rest_route=%2Fwp%2Fv2%2Fcomments&post=11734"}],"version-history":[{"count":1,"href":"https:\/\/encuentroinformativo.com.mx\/index.php?rest_route=\/wp\/v2\/posts\/11734\/revisions"}],"predecessor-version":[{"id":11735,"href":"https:\/\/encuentroinformativo.com.mx\/index.php?rest_route=\/wp\/v2\/posts\/11734\/revisions\/11735"}],"wp:featuredmedia":[{"embeddable":true,"href":"https:\/\/encuentroinformativo.com.mx\/index.php?rest_route=\/wp\/v2\/media\/488"}],"wp:attachment":[{"href":"https:\/\/encuentroinformativo.com.mx\/index.php?rest_route=%2Fwp%2Fv2%2Fmedia&parent=11734"}],"wp:term":[{"taxonomy":"category","embeddable":true,"href":"https:\/\/encuentroinformativo.com.mx\/index.php?rest_route=%2Fwp%2Fv2%2Fcategories&post=11734"},{"taxonomy":"post_tag","embeddable":true,"href":"https:\/\/encuentroinformativo.com.mx\/index.php?rest_route=%2Fwp%2Fv2%2Ftags&post=11734"}],"curies":[{"name":"wp","href":"https:\/\/api.w.org\/{rel}","templated":true}]}}