{"id":11739,"date":"2021-03-05T12:54:47","date_gmt":"2021-03-05T18:54:47","guid":{"rendered":"https:\/\/encuentroinformativo.com.mx\/?p=11739"},"modified":"2021-03-05T12:54:49","modified_gmt":"2021-03-05T18:54:49","slug":"pago-en-umas-afectaria-a-20-mil-pensionados-en-veracruz","status":"publish","type":"post","link":"https:\/\/encuentroinformativo.com.mx\/?p=11739","title":{"rendered":"Pago en UMAS afectar\u00eda a 20 mil pensionados en Veracruz"},"content":{"rendered":"\n<p><strong>Juan Arcos <\/strong><\/p>\n\n\n\n<p>Xalapa, Ver.- Cerca de 20 mil jubilados y pensionados del Instituto de Seguridad y Servicios Sociales de los Trabajadores del Estado (Issste) en Veracruz se ven afectados por la aplicaci\u00f3n de la Unidad de Medici\u00f3n y Actualizaci\u00f3n (UMA) en sus pensiones.<\/p>\n\n\n\n<p>Un peque\u00f1o grupo de jubiladas y pensionados del Issste protest\u00f3 en Plaza Sebasti\u00e1n Lerdo de Tejada, frente a Palacio de Gobierno, para exigir la abrogaci\u00f3n de la contradicci\u00f3n 200\/2021, emitida el 17 de febrero de este a\u00f1o, por la Suprema Corte de Justicia de la Naci\u00f3n (SCJN).<\/p>\n\n\n\n<p>La m\u00e1xima autoridad judicial determin\u00f3 que la pensi\u00f3n jubilatoria, otorgada por el\u00a0Issste deber\u00e1 tener un tope m\u00e1ximo de 10 Unidades de Medida de Actualizaci\u00f3n, cuando la UMA equivale a 89.71 pesos, mientras que el salario m\u00ednimo diario es de 141.70 pesos.<\/p>\n\n\n\n<p>De acuerdo con Lucina Guadalupe Arg\u00fcelles Calder\u00f3n, una de las inconformes, decidieron protestar para entregar un oficio al gobernador Cuitl\u00e1huac Garc\u00eda Jim\u00e9nez para solicitarle su apoyo en la defensa de los jubilados y pensionados.<\/p>\n\n\n\n<p>\u201cEstamos solicitando el apoyo de las diversas instancias para que se derogue esa jurisprudencia que emiti\u00f3 la SCJN. En el estado hay entre 10 mil y 20 mil personas que somos jubilados de diferentes dependencias, que pertenec\u00edamos al Issste. Esta ley afecta a todos los jubilados y pensionados\u201d.<\/p>\n\n\n\n<p>La entrevistada consider\u00f3 que esta situaci\u00f3n ocasionar\u00e1 que la calidad de vida del pensionado y jubilado ir\u00e1 en detrimento.<\/p>\n\n\n\n<p>\u201cAfecta a todos, no solo a los que apenas se van a jubilar como se ha dicho en muchas ocasiones, se afecta a todos de manera general\u201d.<\/p>\n\n\n\n<p>Adem\u00e1s, mencion\u00f3 que desde el pasado 26 de febrero algunos jubilados ya padecieron descuentos en sus pensiones correspondientes.<\/p>\n\n\n\n<p>La manifestaci\u00f3n se llev\u00f3 a cabo de manera simult\u00e1nea en el municipio de Orizaba y otras zonas de la entidad, para exigir que sean respetados los derechos de adultos mayores que laboraron durante m\u00e1s de 30 a\u00f1os.<\/p>\n","protected":false},"excerpt":{"rendered":"<p>Juan Arcos Xalapa, Ver.- Cerca de 20 mil jubilados y pensionados del Instituto de Seguridad y Servicios Sociales de los Trabajadores del Estado (Issste) en Veracruz se ven afectados por la aplicaci\u00f3n de la Unidad de Medici\u00f3n y Actualizaci\u00f3n (UMA) en sus pensiones. Un peque\u00f1o grupo de jubiladas y pensionados del Issste protest\u00f3 en Plaza [&hellip;]<\/p>\n","protected":false},"author":1,"featured_media":11740,"comment_status":"open","ping_status":"open","sticky":false,"template":"","format":"standard","meta":{"_jetpack_memberships_contains_paid_content":false,"footnotes":""},"categories":[3],"tags":[],"class_list":["post-11739","post","type-post","status-publish","format-standard","has-post-thumbnail","hentry","category-xalapa"],"jetpack_featured_media_url":"https:\/\/encuentroinformativo.com.mx\/wp-content\/uploads\/2021\/03\/AFA0CB2A-0DE2-46AC-8E09-FA42E3EB854E.jpeg","jetpack_sharing_enabled":true,"jetpack_likes_enabled":true,"amp_enabled":true,"_links":{"self":[{"href":"https:\/\/encuentroinformativo.com.mx\/index.php?rest_route=\/wp\/v2\/posts\/11739","targetHints":{"allow":["GET"]}}],"collection":[{"href":"https:\/\/encuentroinformativo.com.mx\/index.php?rest_route=\/wp\/v2\/posts"}],"about":[{"href":"https:\/\/encuentroinformativo.com.mx\/index.php?rest_route=\/wp\/v2\/types\/post"}],"author":[{"embeddable":true,"href":"https:\/\/encuentroinformativo.com.mx\/index.php?rest_route=\/wp\/v2\/users\/1"}],"replies":[{"embeddable":true,"href":"https:\/\/encuentroinformativo.com.mx\/index.php?rest_route=%2Fwp%2Fv2%2Fcomments&post=11739"}],"version-history":[{"count":1,"href":"https:\/\/encuentroinformativo.com.mx\/index.php?rest_route=\/wp\/v2\/posts\/11739\/revisions"}],"predecessor-version":[{"id":11741,"href":"https:\/\/encuentroinformativo.com.mx\/index.php?rest_route=\/wp\/v2\/posts\/11739\/revisions\/11741"}],"wp:featuredmedia":[{"embeddable":true,"href":"https:\/\/encuentroinformativo.com.mx\/index.php?rest_route=\/wp\/v2\/media\/11740"}],"wp:attachment":[{"href":"https:\/\/encuentroinformativo.com.mx\/index.php?rest_route=%2Fwp%2Fv2%2Fmedia&parent=11739"}],"wp:term":[{"taxonomy":"category","embeddable":true,"href":"https:\/\/encuentroinformativo.com.mx\/index.php?rest_route=%2Fwp%2Fv2%2Fcategories&post=11739"},{"taxonomy":"post_tag","embeddable":true,"href":"https:\/\/encuentroinformativo.com.mx\/index.php?rest_route=%2Fwp%2Fv2%2Ftags&post=11739"}],"curies":[{"name":"wp","href":"https:\/\/api.w.org\/{rel}","templated":true}]}}