{"id":11742,"date":"2021-03-05T15:51:57","date_gmt":"2021-03-05T21:51:57","guid":{"rendered":"https:\/\/encuentroinformativo.com.mx\/?p=11742"},"modified":"2021-03-05T15:52:02","modified_gmt":"2021-03-05T21:52:02","slug":"cuestiona-gobernador-actuar-de-policias-municipales-en-asesinato-de-precandidato-de-la-perla","status":"publish","type":"post","link":"https:\/\/encuentroinformativo.com.mx\/?p=11742","title":{"rendered":"Cuestiona gobernador actuar de polic\u00edas municipales en asesinato de precandidato de La Perla"},"content":{"rendered":"\n<p><strong>Dar\u00edo Pale <\/strong><\/p>\n\n\n\n<p>Xalapa, Ver.- El aspirante a la alcald\u00eda del municipio de La Perla, Jos\u00e9 Melquiades V\u00e1squez, habr\u00eda pedido que le &#8220;quitaran&#8221; un contrincante, pero como no cumpli\u00f3 con lo que pact\u00f3, lo asesinaron, as\u00ed lo se\u00f1al\u00f3 el\u00a0gobernador de Veracruz Cuitl\u00e1huac Garc\u00eda Jim\u00e9nez.<\/p>\n\n\n\n<p>En conferencia de prensa realizada en la Sala de Banderas de palacio de gobierno dio a conocer una cartulina en la que se le dej\u00f3 un mensaje: &#8220;te quitamos a tu contrincante y no cumpliste&#8221;, por lo\u00a0que quer\u00eda saber qu\u00e9 nivel de violencia se estaba generando en ese municipio.<\/p>\n\n\n\n<p>El Mandatario explic\u00f3 que desde este jueves ya hay presencia de los elementos de seguridad, pero llevar\u00e1n a cabo un operativo especial para dar con los responsables de este crimen,\u00a0&#8220;porque se sobreentiende que ya hab\u00eda otra v\u00edctima, ya hab\u00edan tenido otra v\u00edctima, entonces vamos a revisar que banda delincuencial, bueno ya sabemos, para ser honestos ya sabemos qu\u00e9 bandas delincuenciales est\u00e1n ah\u00ed&#8221;.<\/p>\n\n\n\n<p>Se\u00f1al\u00f3 que los presuntos asesinos recorrieron tres municipios que est\u00e1n conurbados y ninguna de las polic\u00edas municipales actu\u00f3, se hicieron ojo de hormiga, por lo que la Fiscal\u00eda General del Estado tendr\u00e1 que investigar y por\u00a0en\u00e9sima ocasi\u00f3n responsabiliz\u00f3 a las administraciones anteriores de dejar crecer a las bandas del crimen organizado como el Cartel del Golfo, Cartel Jalisco Nueva Generaci\u00f3n, Los Zetas, entre otros.<\/p>\n\n\n\n<p>Garc\u00eda Jim\u00e9nez critic\u00f3 que le quieran aventar la &#8220;bolita&#8221; a su gobierno, pero recalc\u00f3 que fueron otros los que dejaron crecer a las bandas y a un nivel muy grande,\u00a0&#8220;ah\u00ed en Mariano Escobedo detuvimos a una banda de Los Zetas hace poco, hubo un enfrentamiento, una persecuci\u00f3n, de alguien que mat\u00f3 a un polic\u00eda en un cerco sanitario&#8221;.<\/p>\n\n\n\n<p>Finalmente se\u00f1al\u00f3 que ya fue localizado el autom\u00f3vil a bordo del cual huyeron los presuntos criminales del pri\u00edsta, adem\u00e1s resalt\u00f3 que cuando mataron al hijo del exalcalde lo que les extra\u00f1\u00f3 fue la forma en la que se condujo tras el crimen.<\/p>\n","protected":false},"excerpt":{"rendered":"<p>Dar\u00edo Pale Xalapa, Ver.- El aspirante a la alcald\u00eda del municipio de La Perla, Jos\u00e9 Melquiades V\u00e1squez, habr\u00eda pedido que le &#8220;quitaran&#8221; un contrincante, pero como no cumpli\u00f3 con lo que pact\u00f3, lo asesinaron, as\u00ed lo se\u00f1al\u00f3 el\u00a0gobernador de Veracruz Cuitl\u00e1huac Garc\u00eda Jim\u00e9nez. En conferencia de prensa realizada en la Sala de Banderas de palacio [&hellip;]<\/p>\n","protected":false},"author":1,"featured_media":11743,"comment_status":"open","ping_status":"open","sticky":false,"template":"","format":"standard","meta":{"_jetpack_memberships_contains_paid_content":false,"footnotes":""},"categories":[2],"tags":[],"class_list":["post-11742","post","type-post","status-publish","format-standard","has-post-thumbnail","hentry","category-estado"],"jetpack_featured_media_url":"https:\/\/encuentroinformativo.com.mx\/wp-content\/uploads\/2021\/03\/A41DA329-311C-43D9-98FE-3FF69ED53748.jpeg","jetpack_sharing_enabled":true,"jetpack_likes_enabled":true,"amp_enabled":true,"_links":{"self":[{"href":"https:\/\/encuentroinformativo.com.mx\/index.php?rest_route=\/wp\/v2\/posts\/11742","targetHints":{"allow":["GET"]}}],"collection":[{"href":"https:\/\/encuentroinformativo.com.mx\/index.php?rest_route=\/wp\/v2\/posts"}],"about":[{"href":"https:\/\/encuentroinformativo.com.mx\/index.php?rest_route=\/wp\/v2\/types\/post"}],"author":[{"embeddable":true,"href":"https:\/\/encuentroinformativo.com.mx\/index.php?rest_route=\/wp\/v2\/users\/1"}],"replies":[{"embeddable":true,"href":"https:\/\/encuentroinformativo.com.mx\/index.php?rest_route=%2Fwp%2Fv2%2Fcomments&post=11742"}],"version-history":[{"count":1,"href":"https:\/\/encuentroinformativo.com.mx\/index.php?rest_route=\/wp\/v2\/posts\/11742\/revisions"}],"predecessor-version":[{"id":11744,"href":"https:\/\/encuentroinformativo.com.mx\/index.php?rest_route=\/wp\/v2\/posts\/11742\/revisions\/11744"}],"wp:featuredmedia":[{"embeddable":true,"href":"https:\/\/encuentroinformativo.com.mx\/index.php?rest_route=\/wp\/v2\/media\/11743"}],"wp:attachment":[{"href":"https:\/\/encuentroinformativo.com.mx\/index.php?rest_route=%2Fwp%2Fv2%2Fmedia&parent=11742"}],"wp:term":[{"taxonomy":"category","embeddable":true,"href":"https:\/\/encuentroinformativo.com.mx\/index.php?rest_route=%2Fwp%2Fv2%2Fcategories&post=11742"},{"taxonomy":"post_tag","embeddable":true,"href":"https:\/\/encuentroinformativo.com.mx\/index.php?rest_route=%2Fwp%2Fv2%2Ftags&post=11742"}],"curies":[{"name":"wp","href":"https:\/\/api.w.org\/{rel}","templated":true}]}}