{"id":11746,"date":"2021-03-06T08:52:13","date_gmt":"2021-03-06T14:52:13","guid":{"rendered":"https:\/\/encuentroinformativo.com.mx\/?p=11746"},"modified":"2021-03-05T21:56:27","modified_gmt":"2021-03-06T03:56:27","slug":"ante-crisis-guias-turisticos-piden-reapertura-de-zonas-arqueologicas","status":"publish","type":"post","link":"https:\/\/encuentroinformativo.com.mx\/?p=11746","title":{"rendered":"Ante crisis, gu\u00edas tur\u00edsticos piden reapertura de zonas arqueol\u00f3gicas"},"content":{"rendered":"\n<p><strong>Juan Arcos <\/strong><\/p>\n\n\n\n<p>Xalapa, Ver.- Gu\u00edas tur\u00edsticos pidieron al gobierno federal la reapertura de las zonas arqueol\u00f3gicas en el estado de Veracruz, para reactivar la econom\u00eda en beneficio de las familias que dependen directamente de dicho sector.<\/p>\n\n\n\n<p>Los trabajadores del ramo solicitaron el ingreso de turistas a los monumentos hist\u00f3ricos de Cempoala, municipio de \u00darsulo Galv\u00e1n; El Taj\u00edn, en Papantla; y San Juan de Ul\u00faa, en el puerto de Veracruz.<\/p>\n\n\n\n<p>De acuerdo con el gu\u00eda de turistas en Cempoala, Humberto Zendejas Caro, quien tambi\u00e9n es representante de artesanos, los trabajadores est\u00e1n preocupados por las restricciones que contin\u00faan aplic\u00e1ndose en la entidad, derivado de la pandemia del SARS-COV-2 (COVID-19).<\/p>\n\n\n\n<p>Dicha zona arqueol\u00f3gica permanece cerrada desde el 24 de marzo del a\u00f1o pasado, donde una agrupaci\u00f3n de 24 artesanos reporta p\u00e9rdidas econ\u00f3micas del 80 por ciento, quedando al borde de la quiebra.<\/p>\n\n\n\n<p>\u201cLas ventas han bajado a una escala demasiado grande y ha da\u00f1ado al sector tur\u00edstico&#8221;, comenta el poblador del municipio de \u00darsulo Galv\u00e1n.<\/p>\n\n\n\n<p>Las pir\u00e1mides de Cempoala se encuentran en una superficie de 7.5 hect\u00e1reas, donde laboran seis gu\u00edas tur\u00edsticos, cuyas familias dependen totalmente de su actividad.<\/p>\n\n\n\n<p>&#8220;El a\u00f1o pasado el 21 de marzo, a\u00fan logramos trabajarlo, aunque no se trabaj\u00f3 al cien, pero a\u00fan pudimos rescatar algo. De ah\u00ed perdimos la temporada de vacaciones de Semana Santa, luego el periodo vacacional de verano e invierno\u201d, enfatiz\u00f3 el entrevistado.<\/p>\n\n\n\n<p>Los trabajadores del sector tur\u00edstico est\u00e1n dispuestos a respetar un aforo del 30 por ciento, para respetar las medidas sanitarias, aunque se trate de espacios abiertos.<\/p>\n\n\n\n<p>\u201cSiguiendo el protocolo de seguridad que la Secretar\u00eda de Salud pide yo creo que ser\u00eda muy viable que el lugar se abriera, \u00bfPor qu\u00e9?, por que de esa forma se reactiva la parte econ\u00f3mica tanto local y estatal\u201d, agreg\u00f3 Zendejas Caro.<\/p>\n","protected":false},"excerpt":{"rendered":"<p>Juan Arcos Xalapa, Ver.- Gu\u00edas tur\u00edsticos pidieron al gobierno federal la reapertura de las zonas arqueol\u00f3gicas en el estado de Veracruz, para reactivar la econom\u00eda en beneficio de las familias que dependen directamente de dicho sector. Los trabajadores del ramo solicitaron el ingreso de turistas a los monumentos hist\u00f3ricos de Cempoala, municipio de \u00darsulo Galv\u00e1n; [&hellip;]<\/p>\n","protected":false},"author":1,"featured_media":11747,"comment_status":"open","ping_status":"open","sticky":false,"template":"","format":"standard","meta":{"_jetpack_memberships_contains_paid_content":false,"footnotes":""},"categories":[2],"tags":[],"class_list":["post-11746","post","type-post","status-publish","format-standard","has-post-thumbnail","hentry","category-estado"],"jetpack_featured_media_url":"https:\/\/encuentroinformativo.com.mx\/wp-content\/uploads\/2021\/03\/970DE0CE-9E0E-48D4-9E36-7DB5220D0FA0.jpeg","jetpack_sharing_enabled":true,"jetpack_likes_enabled":true,"amp_enabled":true,"_links":{"self":[{"href":"https:\/\/encuentroinformativo.com.mx\/index.php?rest_route=\/wp\/v2\/posts\/11746","targetHints":{"allow":["GET"]}}],"collection":[{"href":"https:\/\/encuentroinformativo.com.mx\/index.php?rest_route=\/wp\/v2\/posts"}],"about":[{"href":"https:\/\/encuentroinformativo.com.mx\/index.php?rest_route=\/wp\/v2\/types\/post"}],"author":[{"embeddable":true,"href":"https:\/\/encuentroinformativo.com.mx\/index.php?rest_route=\/wp\/v2\/users\/1"}],"replies":[{"embeddable":true,"href":"https:\/\/encuentroinformativo.com.mx\/index.php?rest_route=%2Fwp%2Fv2%2Fcomments&post=11746"}],"version-history":[{"count":1,"href":"https:\/\/encuentroinformativo.com.mx\/index.php?rest_route=\/wp\/v2\/posts\/11746\/revisions"}],"predecessor-version":[{"id":11748,"href":"https:\/\/encuentroinformativo.com.mx\/index.php?rest_route=\/wp\/v2\/posts\/11746\/revisions\/11748"}],"wp:featuredmedia":[{"embeddable":true,"href":"https:\/\/encuentroinformativo.com.mx\/index.php?rest_route=\/wp\/v2\/media\/11747"}],"wp:attachment":[{"href":"https:\/\/encuentroinformativo.com.mx\/index.php?rest_route=%2Fwp%2Fv2%2Fmedia&parent=11746"}],"wp:term":[{"taxonomy":"category","embeddable":true,"href":"https:\/\/encuentroinformativo.com.mx\/index.php?rest_route=%2Fwp%2Fv2%2Fcategories&post=11746"},{"taxonomy":"post_tag","embeddable":true,"href":"https:\/\/encuentroinformativo.com.mx\/index.php?rest_route=%2Fwp%2Fv2%2Ftags&post=11746"}],"curies":[{"name":"wp","href":"https:\/\/api.w.org\/{rel}","templated":true}]}}