{"id":11749,"date":"2021-03-06T15:14:43","date_gmt":"2021-03-06T21:14:43","guid":{"rendered":"https:\/\/encuentroinformativo.com.mx\/?p=11749"},"modified":"2021-03-06T15:14:45","modified_gmt":"2021-03-06T21:14:45","slug":"integrantes-de-la-comunidad-lgbttti-reclaman-poder-contender-a-cargos-de-eleccion-popular","status":"publish","type":"post","link":"https:\/\/encuentroinformativo.com.mx\/?p=11749","title":{"rendered":"Integrantes de la comunidad LGBTTTI reclaman poder contender a cargos de elecci\u00f3n popular"},"content":{"rendered":"\n<p><strong>Dar\u00edo Pale <\/strong><\/p>\n\n\n\n<p>Xalapa, Ver.- Benjam\u00edn Callejas Hern\u00e1ndez presidente de la coalici\u00f3n Lesbico, Gay, Bisexual, Transexual, Transg\u00e9nero,Travesti, e Intersexual (LGBTTTI), dio a conocer que\u00a0presentar\u00e1n una queja ante el Tribunal Electoral del Estado Veracruz (TEV), para que los partidos pol\u00edticos en este estado, les permitan registrarse como aspirantes a diputados o presidentes municipales.<\/p>\n\n\n\n<p>En conferencia de prensa realizada en conocido caf\u00e9 del centro de Xalapa,\u00a0lament\u00f3 que el Organismo P\u00fablico Local Electoral (OPLE) en el estado no incluy\u00f3 entre sus acciones afirmativas a la poblaci\u00f3n LGBTTTI.<\/p>\n\n\n\n<p>\u201cEsperemos que el Tribunal Electoral de Veracruz lo apruebe aqu\u00ed para que entonces mandate a los partidos que les den la oportunidad, pero sobre todo, que garanticen la cuota de participaci\u00f3n y a aquellas personitas que de momento no se hayan ido a un pre registro o a una contienda interna, se d\u00e9 la oportunidad que puedan participar. Si t\u00fa lo analizas, te tendr\u00edan que dar resoluci\u00f3n en este proceso electoral, el problema es que por lo general casi siempre se aprueban al cuarto para las 12 de que se cierren los registros, entonces muchas personas ya no tendr\u00edan la oportunidad de poder registrarse\u201d, se\u00f1al\u00f3.<\/p>\n\n\n\n<p>Coment\u00f3 que a\u00fan hay tiempo para defender sus derechos pol\u00edtico-electorales, pues los registros a las candidaturas concluyen el 15 de abril; sin embargo, quienes ya hicieron un pre registro a trav\u00e9s de alg\u00fan partido pol\u00edtico, no podr\u00edan participar en este proceso electoral si es que los \u00f3rganos electorales cumplieran alguna sentencia a su favor.<\/p>\n\n\n\n<p>\u201cCompa\u00f1eras y compa\u00f1eros que fueron a contiendas internas no podr\u00edan participar en alg\u00fan otro proyecto pol\u00edtico al que los invitaran a encabezar en este proceso, porque que el C\u00f3digo Electoral te maneja que si ya fuiste precandidato interno de un proyecto o partido pol\u00edtico no puedes irte a otro para encabezarlo\u201d, lament\u00f3.<\/p>\n\n\n\n<p>Dio a conocer que al menos 6 integrantes de la comunidad LBGTTI en la entidad hicieron su pre registro por distintos partidos pol\u00edticos.<\/p>\n\n\n\n<p>Finalmente Callejas Hern\u00e1ndez dijo que de igual forma recurrieron a la Comisi\u00f3n Estatal de Derechos Humanos a presentar una queja, pues consideran que el OPLE violenta sus derechos. &#8220;ahora pareciera que los derechos humanos est\u00e1n en veda electoral&#8221;.<\/p>\n","protected":false},"excerpt":{"rendered":"<p>Dar\u00edo Pale Xalapa, Ver.- Benjam\u00edn Callejas Hern\u00e1ndez presidente de la coalici\u00f3n Lesbico, Gay, Bisexual, Transexual, Transg\u00e9nero,Travesti, e Intersexual (LGBTTTI), dio a conocer que\u00a0presentar\u00e1n una queja ante el Tribunal Electoral del Estado Veracruz (TEV), para que los partidos pol\u00edticos en este estado, les permitan registrarse como aspirantes a diputados o presidentes municipales. En conferencia de prensa [&hellip;]<\/p>\n","protected":false},"author":1,"featured_media":11750,"comment_status":"open","ping_status":"open","sticky":false,"template":"","format":"standard","meta":{"_jetpack_memberships_contains_paid_content":false,"footnotes":""},"categories":[3],"tags":[],"class_list":["post-11749","post","type-post","status-publish","format-standard","has-post-thumbnail","hentry","category-xalapa"],"jetpack_featured_media_url":"https:\/\/encuentroinformativo.com.mx\/wp-content\/uploads\/2021\/03\/3214C4BD-B4F3-4933-9703-A0FBE108A131.jpeg","jetpack_sharing_enabled":true,"jetpack_likes_enabled":true,"amp_enabled":true,"_links":{"self":[{"href":"https:\/\/encuentroinformativo.com.mx\/index.php?rest_route=\/wp\/v2\/posts\/11749","targetHints":{"allow":["GET"]}}],"collection":[{"href":"https:\/\/encuentroinformativo.com.mx\/index.php?rest_route=\/wp\/v2\/posts"}],"about":[{"href":"https:\/\/encuentroinformativo.com.mx\/index.php?rest_route=\/wp\/v2\/types\/post"}],"author":[{"embeddable":true,"href":"https:\/\/encuentroinformativo.com.mx\/index.php?rest_route=\/wp\/v2\/users\/1"}],"replies":[{"embeddable":true,"href":"https:\/\/encuentroinformativo.com.mx\/index.php?rest_route=%2Fwp%2Fv2%2Fcomments&post=11749"}],"version-history":[{"count":1,"href":"https:\/\/encuentroinformativo.com.mx\/index.php?rest_route=\/wp\/v2\/posts\/11749\/revisions"}],"predecessor-version":[{"id":11751,"href":"https:\/\/encuentroinformativo.com.mx\/index.php?rest_route=\/wp\/v2\/posts\/11749\/revisions\/11751"}],"wp:featuredmedia":[{"embeddable":true,"href":"https:\/\/encuentroinformativo.com.mx\/index.php?rest_route=\/wp\/v2\/media\/11750"}],"wp:attachment":[{"href":"https:\/\/encuentroinformativo.com.mx\/index.php?rest_route=%2Fwp%2Fv2%2Fmedia&parent=11749"}],"wp:term":[{"taxonomy":"category","embeddable":true,"href":"https:\/\/encuentroinformativo.com.mx\/index.php?rest_route=%2Fwp%2Fv2%2Fcategories&post=11749"},{"taxonomy":"post_tag","embeddable":true,"href":"https:\/\/encuentroinformativo.com.mx\/index.php?rest_route=%2Fwp%2Fv2%2Ftags&post=11749"}],"curies":[{"name":"wp","href":"https:\/\/api.w.org\/{rel}","templated":true}]}}